{"id":77338,"date":"2016-06-22T16:00:51","date_gmt":"2016-06-22T13:00:51","guid":{"rendered":"http:\/\/www.sana.sy\/tr\/?p=77338"},"modified":"2016-06-23T12:41:55","modified_gmt":"2016-06-23T09:41:55","slug":"her-gorevi-vatana-hizmet-bilinci-ve-heyecani-ile-yerine-getiriyorlar","status":"publish","type":"post","link":"https:\/\/archive.sana.sy\/tr\/?p=77338","title":{"rendered":"Her G\u00f6revi Vatana Hizmet Bilinci ve Heyecan\u0131 \u0130le Yerine Getiriyorlar"},"content":{"rendered":"<p>HOMS \u2013 G\u00f6n\u00fcll\u00fc Olanaklar ve Beyaz Alanlar Gen\u00e7lik gruplar\u0131na ba\u011fl\u0131 bir grup gen\u00e7 Suriyeliler aras\u0131nda sosyal dayan\u0131\u015fmay\u0131 peki\u015ftirme ama\u00e7l\u0131 olarak \u2018A\u00e7l\u0131k Yok Olsun\u2019 slogan\u0131 alt\u0131nda ihtiya\u00e7 sahibi ve ter\u00f6r ma\u011fduru ailelere iftar yemekleri da\u011f\u0131t\u0131yor.<\/p>\n<p><a href=\"http:\/\/www.sana.sy\/tr\/?attachment_id=77342\" rel=\"attachment wp-att-77342\"><img loading=\"lazy\" decoding=\"async\" class=\"alignright wp-image-77342 size-medium\" src=\"http:\/\/www.sana.sy\/tr\/wp-content\/uploads\/2016\/06\/5-1-300x194.gif\" alt=\"5\" width=\"300\" height=\"194\" srcset=\"https:\/\/archive.sana.sy\/tr\/wp-content\/uploads\/2016\/06\/5-1-300x194.gif 300w, https:\/\/archive.sana.sy\/tr\/wp-content\/uploads\/2016\/06\/5-1-150x97.gif 150w\" sizes=\"auto, (max-width: 300px) 100vw, 300px\" \/><\/a>Homs ilinde m\u00fcbarek ramazan ay\u0131 ba\u015flad\u0131\u011f\u0131ndan bu yana ihtiya\u00e7 sahibi y\u00fczlerce aileye iftar yeme\u011fi da\u011f\u0131tan g\u00f6n\u00fcll\u00fc gen\u00e7ler bu giri\u015fim ile vatana b\u00fcy\u00fck ya da k\u00fc\u00e7\u00fck ayr\u0131m\u0131 yapmadan ellerinden gelen b\u00fct\u00fcn katk\u0131 ve deste\u011fi sunmay\u0131 ama\u00e7lad\u0131klar\u0131n\u0131 ifade ettiler.<\/p>\n<p>Her g\u00fcn yakla\u015f\u0131k 400 ki\u015filik iftar yeme\u011fi haz\u0131rlayan gen\u00e7ler iftar yemekleri haz\u0131r hale gelene kadar her a\u015faman\u0131n ayr\u0131 bir \u00f6nem ta\u015f\u0131d\u0131\u011f\u0131na i\u015faret ederek temizli\u011finden, yeme\u011fin pi\u015firilmesine ve da\u011f\u0131t\u0131lmas\u0131na kadar \u00fcstlendikleri her g\u00f6revi vatana hizmet bilinci ve heyecan\u0131 ile yerine getirdiklerini ifade ettiler.<\/p>\n<p>Di\u011fer taraftan G\u00f6n\u00fcll\u00fc Gen\u00e7ler Grubu Ba\u015fkan\u0131 Meya Haddur, bu t\u00fcr g\u00f6n\u00fcll\u00fc giri\u015fimlerin gen\u00e7lerde g\u00f6n\u00fcll\u00fcl\u00fck bilincini ve toplumsal sorumluluk duygusunu geli\u015ftirmesi y\u00f6n\u00fcyle b\u00fcy\u00fck bir \u00f6nem ta\u015f\u0131d\u0131\u011f\u0131na i\u015faret ederek \u00fclkesindeki ihtiya\u00e7 sahibi aileleri d\u00fc\u015f\u00fcnen ve onlara yard\u0131m eli uzatma sorumlulu\u011fu hisseden nesillerin vatan\u0131 hedef alan her t\u00fcrl\u00fc sald\u0131r\u0131ya kar\u015f\u0131 direnme iradesine de sahip olaca\u011f\u0131n\u0131n alt\u0131n\u0131 \u00e7izdi.<\/p>\n<p>F.B. &#8211; R.H.<\/p>\n","protected":false},"excerpt":{"rendered":"<p>HOMS \u2013 G\u00f6n\u00fcll\u00fc Olanaklar ve Beyaz Alanlar Gen\u00e7lik gruplar\u0131na ba\u011fl\u0131 bir grup gen\u00e7 Suriyeliler aras\u0131nda sosyal dayan\u0131\u015fmay\u0131 peki\u015ftirme ama\u00e7l\u0131 olarak \u2018A\u00e7l\u0131k Yok Olsun\u2019 slogan\u0131 alt\u0131nda ihtiya\u00e7 sahibi ve ter\u00f6r ma\u011fduru ailelere iftar yemekleri da\u011f\u0131t\u0131yor. Homs ilinde m\u00fcbarek ramazan ay\u0131 ba\u015flad\u0131\u011f\u0131ndan bu yana ihtiya\u00e7 sahibi y\u00fczlerce aileye iftar yeme\u011fi da\u011f\u0131tan g\u00f6n\u00fcll\u00fc gen\u00e7ler bu giri\u015fim ile vatana &hellip;<\/p>\n","protected":false},"author":1,"featured_media":77341,"comment_status":"closed","ping_status":"closed","sticky":false,"template":"","format":"standard","meta":{"footnotes":""},"categories":[479,17988,478],"tags":[21946],"class_list":["post-77338","post","type-post","status-publish","format-standard","has-post-thumbnail","","category-haberler-yerel","category-son-haberler","category-yerel","tag-her-gorevi-vatana-hizmet-bilinci-ve-heyecani-ile-yerine-getiriyorlar"],"_links":{"self":[{"href":"https:\/\/archive.sana.sy\/tr\/index.php?rest_route=\/wp\/v2\/posts\/77338","targetHints":{"allow":["GET"]}}],"collection":[{"href":"https:\/\/archive.sana.sy\/tr\/index.php?rest_route=\/wp\/v2\/posts"}],"about":[{"href":"https:\/\/archive.sana.sy\/tr\/index.php?rest_route=\/wp\/v2\/types\/post"}],"author":[{"embeddable":true,"href":"https:\/\/archive.sana.sy\/tr\/index.php?rest_route=\/wp\/v2\/users\/1"}],"replies":[{"embeddable":true,"href":"https:\/\/archive.sana.sy\/tr\/index.php?rest_route=%2Fwp%2Fv2%2Fcomments&post=77338"}],"version-history":[{"count":0,"href":"https:\/\/archive.sana.sy\/tr\/index.php?rest_route=\/wp\/v2\/posts\/77338\/revisions"}],"wp:featuredmedia":[{"embeddable":true,"href":"https:\/\/archive.sana.sy\/tr\/index.php?rest_route=\/wp\/v2\/media\/77341"}],"wp:attachment":[{"href":"https:\/\/archive.sana.sy\/tr\/index.php?rest_route=%2Fwp%2Fv2%2Fmedia&parent=77338"}],"wp:term":[{"taxonomy":"category","embeddable":true,"href":"https:\/\/archive.sana.sy\/tr\/index.php?rest_route=%2Fwp%2Fv2%2Fcategories&post=77338"},{"taxonomy":"post_tag","embeddable":true,"href":"https:\/\/archive.sana.sy\/tr\/index.php?rest_route=%2Fwp%2Fv2%2Ftags&post=77338"}],"curies":[{"name":"wp","href":"https:\/\/api.w.org\/{rel}","templated":true}]}}