{"id":7744,"date":"2014-08-19T21:55:34","date_gmt":"2014-08-19T18:55:34","guid":{"rendered":"http:\/\/www.sana.sy\/tr\/?p=7744"},"modified":"2014-08-20T16:14:26","modified_gmt":"2014-08-20T13:14:26","slug":"kahraman-birliklerimiz-etaman-beldesinde-buyuk-ilerleme-sagladilar","status":"publish","type":"post","link":"https:\/\/archive.sana.sy\/tr\/?p=7744","title":{"rendered":"Kahraman Birliklerimiz Atman Beldesinde B\u00fcy\u00fck \u0130lerleme Sa\u011flad\u0131lar"},"content":{"rendered":"<p>DERA \u2013 Dera k\u0131rsal\u0131n\u0131n Atman beldesinde bulunan silahl\u0131 ter\u00f6ristler ve finansmanlar\u0131 kahraman birliklerimizin nitelikli operasyonlar\u0131 ve ilerlemeleri kar\u015f\u0131s\u0131nda verdikleri a\u011f\u0131r kay\u0131plardan sonra ka\u00e7\u0131n\u0131lmaz hezimetlerinin pani\u011fini ya\u015famaya ba\u015flad\u0131lar.<\/p>\n<div style=\"width: 618px;\" class=\"wp-video\"><!--[if lt IE 9]><script>document.createElement('video');<\/script><![endif]-->\n<video class=\"wp-video-shortcode\" id=\"video-7744-1\" width=\"618\" height=\"348\" preload=\"metadata\" controls=\"controls\"><source type=\"video\/x-flv\" src=\"http:\/\/www.sana.sy\/tr\/wp-content\/uploads\/2014\/08\/\u062f\u0631\u0639\u0627.flv?_=1\" \/><a href=\"http:\/\/www.sana.sy\/tr\/wp-content\/uploads\/2014\/08\/\u062f\u0631\u0639\u0627.flv\">http:\/\/www.sana.sy\/tr\/wp-content\/uploads\/2014\/08\/\u062f\u0631\u0639\u0627.flv<\/a><\/video><\/div>\n<p>Atman Beldesinde d\u00fczenlenen operasyonlar\u0131n askeri komutanlar\u0131ndan biri; Kahraman ordu birliklerimizin Atman Beldesinde d\u00fczenledikleri operasyonlar sonucunda \u00e7ok say\u0131da ter\u00f6r yuvas\u0131n\u0131n beklenenden \u00e7ok daha h\u0131zl\u0131 bir \u015fekilde yok edildi\u011fini dile getirdi.<\/p>\n<p>Kahraman birliklerimizin Atman Beldesinde a\u00e7\u0131k bir ilerleme sa\u011flad\u0131\u011f\u0131na dikkat \u00e7eken komutan, Atman Beldesinin ter\u00f6r i\u00e7in Dera Kentine giri\u015f kap\u0131s\u0131 olaca\u011f\u0131 hayallerine kap\u0131lan ter\u00f6ristlerin ve finansmanlar\u0131n\u0131n b\u00fcy\u00fck bir hayal k\u0131r\u0131kl\u0131\u011f\u0131 ya\u015famakta olduklar\u0131n\u0131n alt\u0131n\u0131 \u00e7izdi.<\/p>\n<p>Kahraman birliklerimizin \u011eazlan Tar\u0131m Arazilerinde kontrol\u00fc ele ge\u00e7irmelerini b\u00fcy\u00fck bir ba\u015far\u0131 olarak nitelendiren komutan; \u011eazlan\u2019dan sonra Biytar Tar\u0131m Arazilerinde de kontrol\u00fcn sa\u011flanmas\u0131yla Atman beldesinde bulunan ter\u00f6ristlerin \u00e7embere al\u0131nd\u0131\u011f\u0131n\u0131 belirtti.<\/p>\n<p>Silahl\u0131 ter\u00f6r gruplar\u0131n\u0131n Atman Beldesinde d\u00fczenledikleri sald\u0131r\u0131larla, Dera Kentini ula\u015f\u0131m ve ileti\u015fimden yoksun b\u0131rakarak kontrol alt\u0131na almay\u0131 ama\u00e7lad\u0131klar\u0131na i\u015faret eden komutan; kahraman ordu birliklerimizin stratejik ve taktiksel ad\u0131mlarla sa\u011flad\u0131klar\u0131 ilerleme sonucu ter\u00f6ristlerin bu planlar\u0131n\u0131 bozduklar\u0131n\u0131 ibraz etti.<\/p>\n<p>Hat\u0131rlanaca\u011f\u0131 \u00fczere silahl\u0131 ter\u00f6r gruplar\u0131 bir y\u0131l\u0131 a\u015fk\u0131n bir s\u00fcre \u00f6ncesinde Atman beldesinde musallat olmu\u015f ve burada bulunan 13 bine yak\u0131n vatanda\u015f\u0131 evinden yurdundan zor ve tehditle g\u00f6\u00e7 ettirmi\u015fti.<\/p>\n<p><a href=\"http:\/\/www.sana.sy\/tr\/wp-content\/uploads\/2014\/08\/DERA-1.jpg\"><img loading=\"lazy\" decoding=\"async\" class=\"alignnone size-medium wp-image-7767\" src=\"http:\/\/www.sana.sy\/tr\/wp-content\/uploads\/2014\/08\/DERA-1-300x159.jpg\" alt=\"DERA 1\" width=\"300\" height=\"159\" srcset=\"https:\/\/archive.sana.sy\/tr\/wp-content\/uploads\/2014\/08\/DERA-1-300x160.jpg 300w, https:\/\/archive.sana.sy\/tr\/wp-content\/uploads\/2014\/08\/DERA-1-150x79.jpg 150w, https:\/\/archive.sana.sy\/tr\/wp-content\/uploads\/2014\/08\/DERA-1.jpg 620w\" sizes=\"auto, (max-width: 300px) 100vw, 300px\" \/><\/a> <a href=\"http:\/\/www.sana.sy\/tr\/wp-content\/uploads\/2014\/08\/DERA-2.jpg\"><img loading=\"lazy\" decoding=\"async\" class=\"alignnone size-medium wp-image-7768\" src=\"http:\/\/www.sana.sy\/tr\/wp-content\/uploads\/2014\/08\/DERA-2-300x159.jpg\" alt=\"DERA 2\" width=\"300\" height=\"159\" srcset=\"https:\/\/archive.sana.sy\/tr\/wp-content\/uploads\/2014\/08\/DERA-2-300x160.jpg 300w, https:\/\/archive.sana.sy\/tr\/wp-content\/uploads\/2014\/08\/DERA-2-150x79.jpg 150w, https:\/\/archive.sana.sy\/tr\/wp-content\/uploads\/2014\/08\/DERA-2.jpg 620w\" sizes=\"auto, (max-width: 300px) 100vw, 300px\" \/><\/a> <a href=\"http:\/\/www.sana.sy\/tr\/wp-content\/uploads\/2014\/08\/DERA-3.jpg\"><img loading=\"lazy\" decoding=\"async\" class=\"alignnone size-medium wp-image-7769\" src=\"http:\/\/www.sana.sy\/tr\/wp-content\/uploads\/2014\/08\/DERA-3-300x159.jpg\" alt=\"DERA 3\" width=\"300\" height=\"159\" srcset=\"https:\/\/archive.sana.sy\/tr\/wp-content\/uploads\/2014\/08\/DERA-3-300x160.jpg 300w, https:\/\/archive.sana.sy\/tr\/wp-content\/uploads\/2014\/08\/DERA-3-150x79.jpg 150w, https:\/\/archive.sana.sy\/tr\/wp-content\/uploads\/2014\/08\/DERA-3.jpg 620w\" sizes=\"auto, (max-width: 300px) 100vw, 300px\" \/><\/a> <a href=\"http:\/\/www.sana.sy\/tr\/wp-content\/uploads\/2014\/08\/dera-41.jpg\"><img loading=\"lazy\" decoding=\"async\" class=\"alignnone size-medium wp-image-7770\" src=\"http:\/\/www.sana.sy\/tr\/wp-content\/uploads\/2014\/08\/dera-41-300x159.jpg\" alt=\"dera 4\" width=\"300\" height=\"159\" srcset=\"https:\/\/archive.sana.sy\/tr\/wp-content\/uploads\/2014\/08\/dera-41-300x160.jpg 300w, https:\/\/archive.sana.sy\/tr\/wp-content\/uploads\/2014\/08\/dera-41-150x79.jpg 150w, https:\/\/archive.sana.sy\/tr\/wp-content\/uploads\/2014\/08\/dera-41.jpg 620w\" sizes=\"auto, (max-width: 300px) 100vw, 300px\" \/><\/a> <a href=\"http:\/\/www.sana.sy\/tr\/wp-content\/uploads\/2014\/08\/dera-51.jpg\"><img loading=\"lazy\" decoding=\"async\" class=\"alignnone size-medium wp-image-7771\" src=\"http:\/\/www.sana.sy\/tr\/wp-content\/uploads\/2014\/08\/dera-51-300x159.jpg\" alt=\"dera 5\" width=\"300\" height=\"159\" srcset=\"https:\/\/archive.sana.sy\/tr\/wp-content\/uploads\/2014\/08\/dera-51-300x160.jpg 300w, https:\/\/archive.sana.sy\/tr\/wp-content\/uploads\/2014\/08\/dera-51-150x79.jpg 150w, https:\/\/archive.sana.sy\/tr\/wp-content\/uploads\/2014\/08\/dera-51.jpg 620w\" sizes=\"auto, (max-width: 300px) 100vw, 300px\" \/><\/a><\/p>\n<p>&nbsp;<\/p>\n<p>&nbsp;<\/p>\n","protected":false},"excerpt":{"rendered":"<p>DERA \u2013 Dera k\u0131rsal\u0131n\u0131n Atman beldesinde bulunan silahl\u0131 ter\u00f6ristler ve finansmanlar\u0131 kahraman birliklerimizin nitelikli operasyonlar\u0131 ve ilerlemeleri kar\u015f\u0131s\u0131nda verdikleri a\u011f\u0131r kay\u0131plardan sonra ka\u00e7\u0131n\u0131lmaz hezimetlerinin pani\u011fini ya\u015famaya ba\u015flad\u0131lar. Atman Beldesinde d\u00fczenlenen operasyonlar\u0131n askeri komutanlar\u0131ndan biri; Kahraman ordu birliklerimizin Atman Beldesinde d\u00fczenledikleri operasyonlar sonucunda \u00e7ok say\u0131da ter\u00f6r yuvas\u0131n\u0131n beklenenden \u00e7ok daha h\u0131zl\u0131 bir \u015fekilde yok edildi\u011fini dile &hellip;<\/p>\n","protected":false},"author":1,"featured_media":7733,"comment_status":"closed","ping_status":"closed","sticky":false,"template":"","format":"standard","meta":{"footnotes":""},"categories":[596,575],"tags":[1735],"class_list":["post-7744","post","type-post","status-publish","format-standard","has-post-thumbnail","","category-fotografli-raporlar","category-olaylar-ve-gercekler","tag-kahraman-birliklerimiz-atman-beldesinde-buyuk-ilerleme-sagladilar"],"_links":{"self":[{"href":"https:\/\/archive.sana.sy\/tr\/index.php?rest_route=\/wp\/v2\/posts\/7744","targetHints":{"allow":["GET"]}}],"collection":[{"href":"https:\/\/archive.sana.sy\/tr\/index.php?rest_route=\/wp\/v2\/posts"}],"about":[{"href":"https:\/\/archive.sana.sy\/tr\/index.php?rest_route=\/wp\/v2\/types\/post"}],"author":[{"embeddable":true,"href":"https:\/\/archive.sana.sy\/tr\/index.php?rest_route=\/wp\/v2\/users\/1"}],"replies":[{"embeddable":true,"href":"https:\/\/archive.sana.sy\/tr\/index.php?rest_route=%2Fwp%2Fv2%2Fcomments&post=7744"}],"version-history":[{"count":0,"href":"https:\/\/archive.sana.sy\/tr\/index.php?rest_route=\/wp\/v2\/posts\/7744\/revisions"}],"wp:featuredmedia":[{"embeddable":true,"href":"https:\/\/archive.sana.sy\/tr\/index.php?rest_route=\/wp\/v2\/media\/7733"}],"wp:attachment":[{"href":"https:\/\/archive.sana.sy\/tr\/index.php?rest_route=%2Fwp%2Fv2%2Fmedia&parent=7744"}],"wp:term":[{"taxonomy":"category","embeddable":true,"href":"https:\/\/archive.sana.sy\/tr\/index.php?rest_route=%2Fwp%2Fv2%2Fcategories&post=7744"},{"taxonomy":"post_tag","embeddable":true,"href":"https:\/\/archive.sana.sy\/tr\/index.php?rest_route=%2Fwp%2Fv2%2Ftags&post=7744"}],"curies":[{"name":"wp","href":"https:\/\/api.w.org\/{rel}","templated":true}]}}