{"id":77483,"date":"2016-06-24T15:15:04","date_gmt":"2016-06-24T12:15:04","guid":{"rendered":"http:\/\/www.sana.sy\/tr\/?p=77483"},"modified":"2016-06-25T14:46:06","modified_gmt":"2016-06-25T11:46:06","slug":"sivillere-yeni-saldirilarda-1-sehit-ve-6-yarali","status":"publish","type":"post","link":"https:\/\/archive.sana.sy\/tr\/?p=77483","title":{"rendered":"\u015eehitlerin Aras\u0131nda 4 \u00c7ocuk Var"},"content":{"rendered":"<p>\u0130LLER \u2013 Silahl\u0131 ter\u00f6r gruplar\u0131n\u0131n \u015eam K\u0131rsal\u0131n\u0131n bat\u0131 kesiminde Birketi el Dem K\u00f6y\u00fcnde \u00e7at\u0131\u015fmalar\u0131n durdurulmas\u0131 anla\u015fmas\u0131n\u0131 ihlal ederek d\u00fczenledikleri roket sald\u0131r\u0131lar\u0131 sonucu 4 \u00e7ocuk \u015fehit d\u00fc\u015ft\u00fc aralar\u0131nda kad\u0131n ve din adamlar\u0131 da bulunan 7 ki\u015fi yaraland\u0131.<\/p>\n<p>Kunaytra\u2019da \u015eehit Mahmut Abaza Hastanesinde yetkili bir kaynak SANA muhabirine yapt\u0131\u011f\u0131 a\u00e7\u0131klamada Birket el Dem k\u00f6y\u00fcnde d\u00fczenlenen ter\u00f6r sald\u0131r\u0131lar\u0131ndan sonra hastaneye 4 \u00e7ocu\u011fun cans\u0131z bedenlerinin yan\u0131 s\u0131ra 7 yaral\u0131 ula\u015ft\u0131r\u0131ld\u0131\u011f\u0131n\u0131 ifade etti.<\/p>\n<p>Bilinece\u011fi \u00fczere \u00dcrd\u00fcn s\u0131n\u0131r\u0131 yak\u0131nlar\u0131nda \u015eam K\u0131rsal\u0131-Kunaytra-Dera \u00fc\u00e7geninde bulunan silahl\u0131 ter\u00f6r gruplar\u0131 \u00c7at\u0131\u015fmalar\u0131n Durdurulmas\u0131 Anla\u015fmas\u0131n\u0131 tekrar tekrar ihlal etmeyi s\u00fcrd\u00fcrerek bir\u00e7ok vatanda\u015f\u0131m\u0131z\u0131n \u015fehit d\u00fc\u015fmesine ve bir\u00e7ok vatanda\u015f\u0131m\u0131z\u0131n da yaralanmas\u0131na neden oluyorlar.<\/p>\n<p><span style=\"color: #0000ff\">S\u00fcveyda K\u0131rsal\u0131nda 8 Vatanda\u015f\u0131m\u0131z Yaraland\u0131<\/span><\/p>\n<p>Di\u011fer yandan S\u00fcveyda K\u0131rsal\u0131n\u0131n g\u00fcney kesiminde silahl\u0131 ter\u00f6r gruplar\u0131n\u0131n f\u0131rlatt\u0131klar\u0131 havan mermilerinin isabet etmesi sonucu 8 vatanda\u015f\u0131m\u0131z yaraland\u0131.<\/p>\n<p>S\u00fcveyda Emniyet M\u00fcd\u00fcrl\u00fc\u011f\u00fcnde yetkili bir kaynak SANA\u2019ya yapt\u0131\u011f\u0131 a\u00e7\u0131klamada Dera K\u0131rsal\u0131nda varl\u0131k g\u00f6steren silahl\u0131 ter\u00f6r gruplar\u0131n\u0131n S\u00fcveyda\u2019n\u0131nBered K\u00f6y\u00fc y\u00f6n\u00fcnde havan sald\u0131r\u0131lar\u0131 d\u00fczenlediklerini ifade ederek sald\u0131r\u0131larda biri kad\u0131n 8 vatanda\u015f\u0131m\u0131z\u0131n yaraland\u0131\u011f\u0131n\u0131 belirtti.<\/p>\n<p><span style=\"color: #0000ff\">Halep\u2019te 1 Vatanda\u015f\u0131m\u0131z \u015eehit D\u00fc\u015ft\u00fc 13 Vatanda\u015f\u0131m\u0131z Yaraland\u0131<\/span><\/p>\n<p>Halep\u2019te el Sebil Semtide silahl\u0131 ter\u00f6r gruplar\u0131n\u0131n \u00c7at\u0131\u015fmalar\u0131n Durdurulmas\u0131 Anla\u015fmas\u0131n\u0131 ihlalleri sonucu 1 vatanda\u015f\u0131m\u0131z \u015fehit d\u00fc\u015ft\u00fc 13 vatanda\u015f\u0131m\u0131z yaraland\u0131.<\/p>\n<p>Halep Emniyet M\u00fcd\u00fcrl\u00fc\u011f\u00fcnden yetkili bir kaynak SANA\u2019ya yapt\u0131\u011f\u0131 a\u00e7\u0131klamada silahl\u0131 ter\u00f6r gruplar\u0131n\u0131n d\u00fcn \u00f6\u011flen saatlerinde d\u00fczenledikleri roket sald\u0131r\u0131lar\u0131nda el Sebil Semtini hedef ald\u0131klar\u0131na i\u015faret ederek ter\u00f6ristlerin f\u0131rlatt\u0131klar\u0131 roketlerin b\u00fcy\u00fck \u00e7o\u011funlu\u011funun Cuma Namaz\u0131 \u00e7\u0131k\u0131\u015f\u0131nda el Rahman Camisine isabet etti\u011fini ve 6 vatanda\u015f\u0131m\u0131z\u0131n yaralanmas\u0131na sebep oldu\u011funu belirtti.<\/p>\n<p>Kaynak; ter\u00f6ristlerin d\u00fczenledikleri roket sald\u0131r\u0131lar\u0131n\u0131n ayr\u0131ca vatanda\u015flar\u0131n evlerinde ve i\u015fyerlerinde hasara yol a\u00e7t\u0131\u011f\u0131n\u0131 dile getirdi.<\/p>\n<p>Ayr\u0131ca sivil kaynaklar\u0131n verdikleri bilgiye g\u00f6re silahl\u0131 ter\u00f6r gruplar\u0131n\u0131n \u015eeyh el Maksut Semtinde d\u00fczenledikleri havan sald\u0131r\u0131lar\u0131 sonucunda 7 vatanda\u015f\u0131m\u0131z yaralan\u0131rken \u00e7evredeki ev ve i\u015fyerlerinde maddi hasar meydana geldi.<\/p>\n","protected":false},"excerpt":{"rendered":"<p>\u0130LLER \u2013 Silahl\u0131 ter\u00f6r gruplar\u0131n\u0131n \u015eam K\u0131rsal\u0131n\u0131n bat\u0131 kesiminde Birketi el Dem K\u00f6y\u00fcnde \u00e7at\u0131\u015fmalar\u0131n durdurulmas\u0131 anla\u015fmas\u0131n\u0131 ihlal ederek d\u00fczenledikleri roket sald\u0131r\u0131lar\u0131 sonucu 4 \u00e7ocuk \u015fehit d\u00fc\u015ft\u00fc aralar\u0131nda kad\u0131n ve din adamlar\u0131 da bulunan 7 ki\u015fi yaraland\u0131. Kunaytra\u2019da \u015eehit Mahmut Abaza Hastanesinde yetkili bir kaynak SANA muhabirine yapt\u0131\u011f\u0131 a\u00e7\u0131klamada Birket el Dem k\u00f6y\u00fcnde d\u00fczenlenen ter\u00f6r sald\u0131r\u0131lar\u0131ndan &hellip;<\/p>\n","protected":false},"author":1,"featured_media":77484,"comment_status":"closed","ping_status":"closed","sticky":false,"template":"","format":"standard","meta":{"footnotes":""},"categories":[479,575,17988,478],"tags":[22004,17606,18344,5010,15945,18674,18174,21996,19043,19034],"class_list":["post-77483","post","type-post","status-publish","format-standard","has-post-thumbnail","","category-haberler-yerel","category-olaylar-ve-gercekler","category-son-haberler","category-yerel","tag-cocuklar","tag-fuze-saldirilari","tag-gelisiguzel-saldirilar","tag-havan-saldirilari","tag-ilimli-muhalifler","tag-silahli-muhalifler","tag-sivillere-saldiri","tag-sivillere-yeni-saldirilarda-1-sehit-ve-6-yarali","tag-suriyede-son-durum","tag-suriyeli-muhalifler"],"_links":{"self":[{"href":"https:\/\/archive.sana.sy\/tr\/index.php?rest_route=\/wp\/v2\/posts\/77483","targetHints":{"allow":["GET"]}}],"collection":[{"href":"https:\/\/archive.sana.sy\/tr\/index.php?rest_route=\/wp\/v2\/posts"}],"about":[{"href":"https:\/\/archive.sana.sy\/tr\/index.php?rest_route=\/wp\/v2\/types\/post"}],"author":[{"embeddable":true,"href":"https:\/\/archive.sana.sy\/tr\/index.php?rest_route=\/wp\/v2\/users\/1"}],"replies":[{"embeddable":true,"href":"https:\/\/archive.sana.sy\/tr\/index.php?rest_route=%2Fwp%2Fv2%2Fcomments&post=77483"}],"version-history":[{"count":0,"href":"https:\/\/archive.sana.sy\/tr\/index.php?rest_route=\/wp\/v2\/posts\/77483\/revisions"}],"wp:featuredmedia":[{"embeddable":true,"href":"https:\/\/archive.sana.sy\/tr\/index.php?rest_route=\/wp\/v2\/media\/77484"}],"wp:attachment":[{"href":"https:\/\/archive.sana.sy\/tr\/index.php?rest_route=%2Fwp%2Fv2%2Fmedia&parent=77483"}],"wp:term":[{"taxonomy":"category","embeddable":true,"href":"https:\/\/archive.sana.sy\/tr\/index.php?rest_route=%2Fwp%2Fv2%2Fcategories&post=77483"},{"taxonomy":"post_tag","embeddable":true,"href":"https:\/\/archive.sana.sy\/tr\/index.php?rest_route=%2Fwp%2Fv2%2Ftags&post=77483"}],"curies":[{"name":"wp","href":"https:\/\/api.w.org\/{rel}","templated":true}]}}