{"id":77486,"date":"2016-06-24T16:00:10","date_gmt":"2016-06-24T13:00:10","guid":{"rendered":"http:\/\/www.sana.sy\/tr\/?p=77486"},"modified":"2016-06-25T14:47:49","modified_gmt":"2016-06-25T11:47:49","slug":"haseke-kirsalinda-bombali-teror-eylemi","status":"publish","type":"post","link":"https:\/\/archive.sana.sy\/tr\/?p=77486","title":{"rendered":"Haseke K\u0131rsal\u0131nda Bombal\u0131 Ter\u00f6r Eylemi"},"content":{"rendered":"<p>HASEKE \u2013 Haseke k\u0131rsal\u0131n\u0131n kuzeyi Cevvadiye Beldesinde bug\u00fcn erken saatlerde me\u00e7hul ki\u015filerin yerle\u015ftirdikleri bir bomba d\u00fczene\u011fi infilak etti.<\/p>\n<p>Beldede yerel kaynaklar SANA\u2019ya a\u00e7\u0131klamas\u0131nda; Rmeylan Kentine giden ana yol kenar\u0131na yerle\u015ftirilen bomba d\u00fczene\u011finin patlamas\u0131yla be\u015feri isabetlerin olmad\u0131\u011f\u0131n\u0131, fakat olay yerine yak\u0131n \u00f6zel bir ara\u00e7ta maddi hasar\u0131n olu\u015ftu\u011funu belirtti.<\/p>\n","protected":false},"excerpt":{"rendered":"<p>HASEKE \u2013 Haseke k\u0131rsal\u0131n\u0131n kuzeyi Cevvadiye Beldesinde bug\u00fcn erken saatlerde me\u00e7hul ki\u015filerin yerle\u015ftirdikleri bir bomba d\u00fczene\u011fi infilak etti. Beldede yerel kaynaklar SANA\u2019ya a\u00e7\u0131klamas\u0131nda; Rmeylan Kentine giden ana yol kenar\u0131na yerle\u015ftirilen bomba d\u00fczene\u011finin patlamas\u0131yla be\u015feri isabetlerin olmad\u0131\u011f\u0131n\u0131, fakat olay yerine yak\u0131n \u00f6zel bir ara\u00e7ta maddi hasar\u0131n olu\u015ftu\u011funu belirtti.<\/p>\n","protected":false},"author":1,"featured_media":77488,"comment_status":"closed","ping_status":"closed","sticky":false,"template":"","format":"standard","meta":{"footnotes":""},"categories":[479,575,17988,478],"tags":[21997,21998],"class_list":["post-77486","post","type-post","status-publish","format-standard","has-post-thumbnail","","category-haberler-yerel","category-olaylar-ve-gercekler","category-son-haberler","category-yerel","tag-haseke-kirsalinda-bombali-teror-eylemi","tag-rmeylan-kentine-giden-ana-yol-kenarina-yerlestirilen-bomba-duzeneginin-patlamasi"],"_links":{"self":[{"href":"https:\/\/archive.sana.sy\/tr\/index.php?rest_route=\/wp\/v2\/posts\/77486","targetHints":{"allow":["GET"]}}],"collection":[{"href":"https:\/\/archive.sana.sy\/tr\/index.php?rest_route=\/wp\/v2\/posts"}],"about":[{"href":"https:\/\/archive.sana.sy\/tr\/index.php?rest_route=\/wp\/v2\/types\/post"}],"author":[{"embeddable":true,"href":"https:\/\/archive.sana.sy\/tr\/index.php?rest_route=\/wp\/v2\/users\/1"}],"replies":[{"embeddable":true,"href":"https:\/\/archive.sana.sy\/tr\/index.php?rest_route=%2Fwp%2Fv2%2Fcomments&post=77486"}],"version-history":[{"count":0,"href":"https:\/\/archive.sana.sy\/tr\/index.php?rest_route=\/wp\/v2\/posts\/77486\/revisions"}],"wp:featuredmedia":[{"embeddable":true,"href":"https:\/\/archive.sana.sy\/tr\/index.php?rest_route=\/wp\/v2\/media\/77488"}],"wp:attachment":[{"href":"https:\/\/archive.sana.sy\/tr\/index.php?rest_route=%2Fwp%2Fv2%2Fmedia&parent=77486"}],"wp:term":[{"taxonomy":"category","embeddable":true,"href":"https:\/\/archive.sana.sy\/tr\/index.php?rest_route=%2Fwp%2Fv2%2Fcategories&post=77486"},{"taxonomy":"post_tag","embeddable":true,"href":"https:\/\/archive.sana.sy\/tr\/index.php?rest_route=%2Fwp%2Fv2%2Ftags&post=77486"}],"curies":[{"name":"wp","href":"https:\/\/api.w.org\/{rel}","templated":true}]}}