{"id":77487,"date":"2016-06-24T19:30:17","date_gmt":"2016-06-24T16:30:17","guid":{"rendered":"http:\/\/www.sana.sy\/tr\/?p=77487"},"modified":"2016-06-26T12:51:10","modified_gmt":"2016-06-26T09:51:10","slug":"suriyede-baris-icin-kos-video","status":"publish","type":"post","link":"https:\/\/archive.sana.sy\/tr\/?p=77487","title":{"rendered":"Suriye&#8217;de Bar\u0131\u015f \u0130\u00e7in Ko\u015f (video)"},"content":{"rendered":"<p>S\u00dcVEYDA \u2013 S\u00fcveyda\u2019da bug\u00fcn sivil toplum, sanatsal, sporcu ve gen\u00e7lik faaliyetlerinin kat\u0131l\u0131m\u0131yla 1. S\u00fcveyda Hay\u0131r Maratonu d\u00fczenlendi.<\/p>\n<p>\u2018Suriye&#8217;de Bar\u0131\u015f \u0130\u00e7in Ko\u015f\u2019 slogan\u0131 alt\u0131nda d\u00fczenlenen ko\u015fu maratonu kanser hastalar\u0131 cemiyetine destek ve yard\u0131m\u0131 ama\u00e7l\u0131yor.<\/p>\n<p>Bar\u0131\u015f\u0131n sembol\u00fc olarak beyaz giyinen maraton kat\u0131l\u0131mc\u0131lar\u0131, S\u00fcveyda Kentindeki Te\u015frin Meydan\u0131ndan start yaparken spor Stadyumunda bulu\u015fmalar\u0131 ard\u0131ndan maratonda ba\u015far\u0131 kazananlara \u00f6d\u00fcller da\u011f\u0131t\u0131ld\u0131.<\/p>\n<p>Kat\u0131l\u0131mc\u0131lar SANA muhabirine a\u00e7\u0131klamalar\u0131nda; Suriye halk\u0131n\u0131n t\u00fcm bile\u015fenleri ve kesimleriyle her daim d\u00fc\u015fmana kar\u015f\u0131 bir oldu\u011funu, zor ko\u015fullar\u0131n \u00fcstesinden gelme ama\u00e7l\u0131 sosyal dayan\u0131\u015fmada \u00f6rnek bir halk oldu\u011funu bir\u00e7ok kez kan\u0131tlad\u0131\u011f\u0131n\u0131 s\u00f6yledi.<\/p>\n<div id='gallery-1' class='gallery galleryid-77487 gallery-columns-3 gallery-size-thumbnail'><figure class='gallery-item'>\n\t\t\t<div class='gallery-icon landscape'>\n\t\t\t\t<a href='https:\/\/archive.sana.sy\/tr\/wp-content\/uploads\/2016\/06\/suveyda2.jpg'><img loading=\"lazy\" decoding=\"async\" width=\"150\" height=\"75\" src=\"https:\/\/archive.sana.sy\/tr\/wp-content\/uploads\/2016\/06\/suveyda2-150x75.jpg\" class=\"attachment-thumbnail size-thumbnail\" alt=\"\" srcset=\"https:\/\/archive.sana.sy\/tr\/wp-content\/uploads\/2016\/06\/suveyda2-150x75.jpg 150w, https:\/\/archive.sana.sy\/tr\/wp-content\/uploads\/2016\/06\/suveyda2-300x150.jpg 300w, https:\/\/archive.sana.sy\/tr\/wp-content\/uploads\/2016\/06\/suveyda2.jpg 660w\" sizes=\"auto, (max-width: 150px) 100vw, 150px\" \/><\/a>\n\t\t\t<\/div><\/figure><figure class='gallery-item'>\n\t\t\t<div class='gallery-icon landscape'>\n\t\t\t\t<a href='https:\/\/archive.sana.sy\/tr\/wp-content\/uploads\/2016\/06\/suveyda3.jpg'><img loading=\"lazy\" decoding=\"async\" width=\"150\" height=\"75\" src=\"https:\/\/archive.sana.sy\/tr\/wp-content\/uploads\/2016\/06\/suveyda3-150x75.jpg\" class=\"attachment-thumbnail size-thumbnail\" alt=\"\" srcset=\"https:\/\/archive.sana.sy\/tr\/wp-content\/uploads\/2016\/06\/suveyda3-150x75.jpg 150w, https:\/\/archive.sana.sy\/tr\/wp-content\/uploads\/2016\/06\/suveyda3-300x150.jpg 300w, https:\/\/archive.sana.sy\/tr\/wp-content\/uploads\/2016\/06\/suveyda3.jpg 660w\" sizes=\"auto, (max-width: 150px) 100vw, 150px\" \/><\/a>\n\t\t\t<\/div><\/figure><figure class='gallery-item'>\n\t\t\t<div class='gallery-icon landscape'>\n\t\t\t\t<a href='https:\/\/archive.sana.sy\/tr\/wp-content\/uploads\/2016\/06\/suveyda1.jpg'><img loading=\"lazy\" decoding=\"async\" width=\"150\" height=\"75\" src=\"https:\/\/archive.sana.sy\/tr\/wp-content\/uploads\/2016\/06\/suveyda1-150x75.jpg\" class=\"attachment-thumbnail size-thumbnail\" alt=\"\" srcset=\"https:\/\/archive.sana.sy\/tr\/wp-content\/uploads\/2016\/06\/suveyda1-150x75.jpg 150w, https:\/\/archive.sana.sy\/tr\/wp-content\/uploads\/2016\/06\/suveyda1-300x150.jpg 300w, https:\/\/archive.sana.sy\/tr\/wp-content\/uploads\/2016\/06\/suveyda1.jpg 660w\" sizes=\"auto, (max-width: 150px) 100vw, 150px\" \/><\/a>\n\t\t\t<\/div><\/figure>\n\t\t<\/div>\n\n<p>&nbsp;<\/p>\n<p>https:\/\/www.youtube.com\/watch?v=M-l6GVA9PWA<\/p>\n","protected":false},"excerpt":{"rendered":"<p>S\u00dcVEYDA \u2013 S\u00fcveyda\u2019da bug\u00fcn sivil toplum, sanatsal, sporcu ve gen\u00e7lik faaliyetlerinin kat\u0131l\u0131m\u0131yla 1. S\u00fcveyda Hay\u0131r Maratonu d\u00fczenlendi. \u2018Suriye&#8217;de Bar\u0131\u015f \u0130\u00e7in Ko\u015f\u2019 slogan\u0131 alt\u0131nda d\u00fczenlenen ko\u015fu maratonu kanser hastalar\u0131 cemiyetine destek ve yard\u0131m\u0131 ama\u00e7l\u0131yor. Bar\u0131\u015f\u0131n sembol\u00fc olarak beyaz giyinen maraton kat\u0131l\u0131mc\u0131lar\u0131, S\u00fcveyda Kentindeki Te\u015frin Meydan\u0131ndan start yaparken spor Stadyumunda bulu\u015fmalar\u0131 ard\u0131ndan maratonda ba\u015far\u0131 kazananlara \u00f6d\u00fcller da\u011f\u0131t\u0131ld\u0131. &hellip;<\/p>\n","protected":false},"author":1,"featured_media":77490,"comment_status":"closed","ping_status":"closed","sticky":false,"template":"","format":"standard","meta":{"footnotes":""},"categories":[526,479,17988,525,478],"tags":[22001,22002,21999,22000],"class_list":["post-77487","post","type-post","status-publish","format-standard","has-post-thumbnail","","category-haber-ve-raporlar","category-haberler-yerel","category-son-haberler","category-toplum","category-yerel","tag-sanatsal","tag-sporcu-ve-genclik-faaliyetlerinin-katilimiyla-1-suveyda-hayir-maratonu-duzenlendi","tag-suriyede-baris-icin-kos","tag-suveydada-bugun-sivil-toplum"],"_links":{"self":[{"href":"https:\/\/archive.sana.sy\/tr\/index.php?rest_route=\/wp\/v2\/posts\/77487","targetHints":{"allow":["GET"]}}],"collection":[{"href":"https:\/\/archive.sana.sy\/tr\/index.php?rest_route=\/wp\/v2\/posts"}],"about":[{"href":"https:\/\/archive.sana.sy\/tr\/index.php?rest_route=\/wp\/v2\/types\/post"}],"author":[{"embeddable":true,"href":"https:\/\/archive.sana.sy\/tr\/index.php?rest_route=\/wp\/v2\/users\/1"}],"replies":[{"embeddable":true,"href":"https:\/\/archive.sana.sy\/tr\/index.php?rest_route=%2Fwp%2Fv2%2Fcomments&post=77487"}],"version-history":[{"count":0,"href":"https:\/\/archive.sana.sy\/tr\/index.php?rest_route=\/wp\/v2\/posts\/77487\/revisions"}],"wp:featuredmedia":[{"embeddable":true,"href":"https:\/\/archive.sana.sy\/tr\/index.php?rest_route=\/wp\/v2\/media\/77490"}],"wp:attachment":[{"href":"https:\/\/archive.sana.sy\/tr\/index.php?rest_route=%2Fwp%2Fv2%2Fmedia&parent=77487"}],"wp:term":[{"taxonomy":"category","embeddable":true,"href":"https:\/\/archive.sana.sy\/tr\/index.php?rest_route=%2Fwp%2Fv2%2Fcategories&post=77487"},{"taxonomy":"post_tag","embeddable":true,"href":"https:\/\/archive.sana.sy\/tr\/index.php?rest_route=%2Fwp%2Fv2%2Ftags&post=77487"}],"curies":[{"name":"wp","href":"https:\/\/api.w.org\/{rel}","templated":true}]}}