{"id":7750,"date":"2014-08-19T22:29:02","date_gmt":"2014-08-19T19:29:02","guid":{"rendered":"http:\/\/www.sana.sy\/tr\/?p=7750"},"modified":"2014-08-19T22:29:02","modified_gmt":"2014-08-19T19:29:02","slug":"kalemun-sanayicileri-taleplerini-ifade-ettiler","status":"publish","type":"post","link":"https:\/\/archive.sana.sy\/tr\/?p=7750","title":{"rendered":"Kalemun Sanayicileri Taleplerini \u0130fade Ettiler"},"content":{"rendered":"<p>\u015eAM \u2013 \u015eam ve \u00c7evre Kent Sanayi Odas\u0131 bug\u00fcn \u015eam k\u0131rsal\u0131n\u0131n kuzeyi Kalemun B\u00f6lgesinde sanayi kurum sahipleri ve temsilcileriyle sanayi kurumlar\u0131n\u0131n kar\u015f\u0131la\u015ft\u0131klar\u0131 sorunlar, \u00fcretime yeniden ba\u015flamalar\u0131 ve ihtiya\u00e7lar\u0131n\u0131n ilgili kurumlar taraf\u0131ndan kar\u015f\u0131lanmas\u0131 yollar\u0131n\u0131 masaya yat\u0131rd\u0131.<\/p>\n<p><img loading=\"lazy\" decoding=\"async\" class=\"alignright wp-image-7752 size-medium\" src=\"http:\/\/www.sana.sy\/tr\/wp-content\/uploads\/2014\/08\/sa-nayi-odas\u0131-2-300x159.jpg\" alt=\"sa nayi odas\u0131 2\" width=\"300\" height=\"159\" srcset=\"https:\/\/archive.sana.sy\/tr\/wp-content\/uploads\/2014\/08\/sa-nayi-odas\u0131-2-300x160.jpg 300w, https:\/\/archive.sana.sy\/tr\/wp-content\/uploads\/2014\/08\/sa-nayi-odas\u0131-2-150x79.jpg 150w, https:\/\/archive.sana.sy\/tr\/wp-content\/uploads\/2014\/08\/sa-nayi-odas\u0131-2.jpg 381w\" sizes=\"auto, (max-width: 300px) 100vw, 300px\" \/>\u015eam ve \u00c7evre Kent Sanayi Odas\u0131 Y\u00f6netim Kurulu Ba\u015fkan\u0131 Basil Hamvi sanayi b\u00f6lgeleri, kurumlar\u0131 ve fabrikalar\u0131n \u00e7al\u0131\u015fma ve \u00fcretime yeniden ba\u015flamalar\u0131 amac\u0131yla talep ve ihtiya\u00e7lar\u0131n\u0131n ilgili bakanl\u0131k ve kurumlar taraf\u0131ndan kar\u015f\u0131lanmas\u0131nda oda ve sanayiciler aras\u0131nda i\u015fbirli\u011fi ve koordinasyonun \u00f6nemini belirtti.<\/p>\n<p>Hamvi muhtelif b\u00f6lgelerde bulunan sanayi kurumlar\u0131 ve fabrikalar\u0131n genelinin d\u0131\u015f g\u00fc\u00e7lerin patronajl\u0131\u011f\u0131ndaki ter\u00f6r \u00e7etelerinin sistematik sabotaj eylemlerine maruz kald\u0131klar\u0131na dikkat \u00e7ekerken; b\u00fcy\u00fck zaferin t\u00fcm bu kurum ve fabrikalar\u0131n yeniden \u00fcretime girmeleriyle olaca\u011f\u0131n\u0131 ifade etti.<\/p>\n<p>Kalemun B\u00f6lgesi sanayicileri oturumda fabrika ve kurumlar\u0131n\u0131n yeniden \u00fcretime ba\u015flamas\u0131 i\u00e7in ham maddelerin b\u00f6lgeye ge\u00e7i\u015finde ya\u015fad\u0131klar\u0131 zorluklara dikkat \u00e7ekerken; nizami faturalarla ge\u00e7irilecek ham madde ve \u00fcretim gere\u00e7lerinin yasak maddeler yada silah veya m\u00fchimmat i\u00e7ermediklerinden emin olunmas\u0131 i\u00e7in uygun bir \u015fekilde aranmas\u0131 talebinde bulundular.<\/p>\n<p>Yebr\u00fcd \u2013 Nebik karayolunun a\u00e7\u0131lmas\u0131 talebinde bulunan sanayiciler, b\u00f6lgeyi besleyen elektrik enerjisinin yan\u0131 s\u0131ra mazot miktar\u0131n\u0131n daha \u00e7ok artt\u0131r\u0131lmas\u0131 \u00f6nemine dikkat \u00e7ektiler. Sanayiciler ayr\u0131ca yol ve kanalizasyon \u015febekelerinin de iyile\u015ftirilmesini talep ettiler.<\/p>\n","protected":false},"excerpt":{"rendered":"<p>\u015eAM \u2013 \u015eam ve \u00c7evre Kent Sanayi Odas\u0131 bug\u00fcn \u015eam k\u0131rsal\u0131n\u0131n kuzeyi Kalemun B\u00f6lgesinde sanayi kurum sahipleri ve temsilcileriyle sanayi kurumlar\u0131n\u0131n kar\u015f\u0131la\u015ft\u0131klar\u0131 sorunlar, \u00fcretime yeniden ba\u015flamalar\u0131 ve ihtiya\u00e7lar\u0131n\u0131n ilgili kurumlar taraf\u0131ndan kar\u015f\u0131lanmas\u0131 yollar\u0131n\u0131 masaya yat\u0131rd\u0131. \u015eam ve \u00c7evre Kent Sanayi Odas\u0131 Y\u00f6netim Kurulu Ba\u015fkan\u0131 Basil Hamvi sanayi b\u00f6lgeleri, kurumlar\u0131 ve fabrikalar\u0131n \u00e7al\u0131\u015fma ve \u00fcretime yeniden &hellip;<\/p>\n","protected":false},"author":1,"featured_media":7751,"comment_status":"closed","ping_status":"closed","sticky":false,"template":"","format":"standard","meta":{"footnotes":""},"categories":[485,486],"tags":[1733],"class_list":["post-7750","post","type-post","status-publish","format-standard","has-post-thumbnail","","category-is-ve-sermaye","category-haberler-is-ve-sermaye","tag-kalemun-sanayicileri-taleplerini-ifade-ettiler"],"_links":{"self":[{"href":"https:\/\/archive.sana.sy\/tr\/index.php?rest_route=\/wp\/v2\/posts\/7750","targetHints":{"allow":["GET"]}}],"collection":[{"href":"https:\/\/archive.sana.sy\/tr\/index.php?rest_route=\/wp\/v2\/posts"}],"about":[{"href":"https:\/\/archive.sana.sy\/tr\/index.php?rest_route=\/wp\/v2\/types\/post"}],"author":[{"embeddable":true,"href":"https:\/\/archive.sana.sy\/tr\/index.php?rest_route=\/wp\/v2\/users\/1"}],"replies":[{"embeddable":true,"href":"https:\/\/archive.sana.sy\/tr\/index.php?rest_route=%2Fwp%2Fv2%2Fcomments&post=7750"}],"version-history":[{"count":0,"href":"https:\/\/archive.sana.sy\/tr\/index.php?rest_route=\/wp\/v2\/posts\/7750\/revisions"}],"wp:featuredmedia":[{"embeddable":true,"href":"https:\/\/archive.sana.sy\/tr\/index.php?rest_route=\/wp\/v2\/media\/7751"}],"wp:attachment":[{"href":"https:\/\/archive.sana.sy\/tr\/index.php?rest_route=%2Fwp%2Fv2%2Fmedia&parent=7750"}],"wp:term":[{"taxonomy":"category","embeddable":true,"href":"https:\/\/archive.sana.sy\/tr\/index.php?rest_route=%2Fwp%2Fv2%2Fcategories&post=7750"},{"taxonomy":"post_tag","embeddable":true,"href":"https:\/\/archive.sana.sy\/tr\/index.php?rest_route=%2Fwp%2Fv2%2Ftags&post=7750"}],"curies":[{"name":"wp","href":"https:\/\/api.w.org\/{rel}","templated":true}]}}