{"id":77548,"date":"2016-06-25T12:46:24","date_gmt":"2016-06-25T09:46:24","guid":{"rendered":"http:\/\/www.sana.sy\/tr\/?p=77548"},"modified":"2016-06-26T14:42:20","modified_gmt":"2016-06-26T11:42:20","slug":"sehit-ve-yaralilar-arasinda-yine-cocuklar-var","status":"publish","type":"post","link":"https:\/\/archive.sana.sy\/tr\/?p=77548","title":{"rendered":"\u015eehit ve Yaral\u0131lar Aras\u0131nda Yine \u00c7ocuklar Var"},"content":{"rendered":"<p>\u0130DL\u0130B \u2013 Erdo\u011fan ve Al Suud rejimlerine tabi \u00e7okuluslu ter\u00f6ristler bug\u00fcn de sivil insanlar\u0131 kad\u0131n \u00e7ocuk ay\u0131rt etmeden geli\u015fi g\u00fczel sald\u0131r\u0131larla hedef almaya devam etti.<\/p>\n<p>\u0130dlib k\u0131rsal\u0131nda iki y\u0131ldan fazla s\u00fcredir bu ter\u00f6r \u00e7etelerinin s\u0131k\u0131 ablukas\u0131 alt\u0131nda ya\u015fam m\u00fccadelesi veren Fua Beldesinde yerel kaynaklar SANA ile telefon ba\u011flant\u0131lar\u0131nda ter\u00f6ristlerin beldeye f\u00fczelerle sald\u0131rd\u0131klar\u0131n\u0131 belirtti.<\/p>\n<p>Kaynaklar hain ve korkak sald\u0131r\u0131larda bir k\u0131z \u00e7ocu\u011funun \u015fehit d\u00fc\u015ft\u00fc\u011f\u00fcn\u00fc, aralar\u0131nda 2 \u00e7ocu\u011fun da bulundu\u011fu 4 vatanda\u015f\u0131n yaraland\u0131klar\u0131n\u0131 aktar\u0131rlarken, ev ve di\u011fer m\u00fclklerde ciddi hasar\u0131n olu\u015ftu\u011funu ifade etti.<\/p>\n","protected":false},"excerpt":{"rendered":"<p>\u0130DL\u0130B \u2013 Erdo\u011fan ve Al Suud rejimlerine tabi \u00e7okuluslu ter\u00f6ristler bug\u00fcn de sivil insanlar\u0131 kad\u0131n \u00e7ocuk ay\u0131rt etmeden geli\u015fi g\u00fczel sald\u0131r\u0131larla hedef almaya devam etti. \u0130dlib k\u0131rsal\u0131nda iki y\u0131ldan fazla s\u00fcredir bu ter\u00f6r \u00e7etelerinin s\u0131k\u0131 ablukas\u0131 alt\u0131nda ya\u015fam m\u00fccadelesi veren Fua Beldesinde yerel kaynaklar SANA ile telefon ba\u011flant\u0131lar\u0131nda ter\u00f6ristlerin beldeye f\u00fczelerle sald\u0131rd\u0131klar\u0131n\u0131 belirtti. Kaynaklar hain &hellip;<\/p>\n","protected":false},"author":1,"featured_media":77549,"comment_status":"closed","ping_status":"closed","sticky":false,"template":"","format":"standard","meta":{"footnotes":""},"categories":[479,575,17988,478],"tags":[22011],"class_list":["post-77548","post","type-post","status-publish","format-standard","has-post-thumbnail","","category-haberler-yerel","category-olaylar-ve-gercekler","category-son-haberler","category-yerel","tag-sehit-ve-yaralilar-arasinda-yine-cocuklar-var"],"_links":{"self":[{"href":"https:\/\/archive.sana.sy\/tr\/index.php?rest_route=\/wp\/v2\/posts\/77548","targetHints":{"allow":["GET"]}}],"collection":[{"href":"https:\/\/archive.sana.sy\/tr\/index.php?rest_route=\/wp\/v2\/posts"}],"about":[{"href":"https:\/\/archive.sana.sy\/tr\/index.php?rest_route=\/wp\/v2\/types\/post"}],"author":[{"embeddable":true,"href":"https:\/\/archive.sana.sy\/tr\/index.php?rest_route=\/wp\/v2\/users\/1"}],"replies":[{"embeddable":true,"href":"https:\/\/archive.sana.sy\/tr\/index.php?rest_route=%2Fwp%2Fv2%2Fcomments&post=77548"}],"version-history":[{"count":0,"href":"https:\/\/archive.sana.sy\/tr\/index.php?rest_route=\/wp\/v2\/posts\/77548\/revisions"}],"wp:featuredmedia":[{"embeddable":true,"href":"https:\/\/archive.sana.sy\/tr\/index.php?rest_route=\/wp\/v2\/media\/77549"}],"wp:attachment":[{"href":"https:\/\/archive.sana.sy\/tr\/index.php?rest_route=%2Fwp%2Fv2%2Fmedia&parent=77548"}],"wp:term":[{"taxonomy":"category","embeddable":true,"href":"https:\/\/archive.sana.sy\/tr\/index.php?rest_route=%2Fwp%2Fv2%2Fcategories&post=77548"},{"taxonomy":"post_tag","embeddable":true,"href":"https:\/\/archive.sana.sy\/tr\/index.php?rest_route=%2Fwp%2Fv2%2Ftags&post=77548"}],"curies":[{"name":"wp","href":"https:\/\/api.w.org\/{rel}","templated":true}]}}