{"id":7755,"date":"2014-08-19T23:06:27","date_gmt":"2014-08-19T20:06:27","guid":{"rendered":"http:\/\/www.sana.sy\/tr\/?p=7755"},"modified":"2014-08-19T23:08:15","modified_gmt":"2014-08-19T20:08:15","slug":"7755","status":"publish","type":"post","link":"https:\/\/archive.sana.sy\/tr\/?p=7755","title":{"rendered":"Suriyeli Ara\u015ft\u0131rmac\u0131 ve Mucitten Sosyal Payla\u015f\u0131m Sitesi"},"content":{"rendered":"<p>PAR\u0130S \u2013 Fransa&#8217;da ikamet eden Suriyeli Ara\u015ft\u0131rmac\u0131 ve Mucit Bekk\u00fcr Kattan marifet k\u00fclt\u00fcr\u00fcn\u00fc yayma platformu olmas\u0131n\u0131n yan\u0131nda Suriyeli gurbet\u00e7ileri anavatan\u0131 ve ailesine yak\u0131nla\u015ft\u0131rmaya katk\u0131 sa\u011flayacak Arap ve uluslar aras\u0131 ilk web sitesini hizmete ge\u00e7irdi.<\/p>\n<p>Booksylor (https:\/\/www.booksylor.com\/)ad\u0131 alt\u0131nda hizmete ge\u00e7en ve hem ak\u0131ll\u0131 telefonlar hem de bilgisayar arac\u0131l\u0131\u011f\u0131 ile kullan\u0131lmas\u0131 m\u00fcmk\u00fcn olan Arap ve uluslar aras\u0131 sosyal payla\u015f\u0131m ama\u00e7l\u0131 web sitesinde T\u00fcrk\u00e7e dahil (https:\/\/www.booksylor.com\/?lang=3) \u00e7ok say\u0131da kullanma dili yer al\u0131yor.<\/p>\n<p><a href=\"http:\/\/www.sana.sy\/tr\/wp-content\/uploads\/2014\/08\/booksylor.jpg\"><img loading=\"lazy\" decoding=\"async\" class=\"alignright wp-image-7759 size-medium\" src=\"http:\/\/www.sana.sy\/tr\/wp-content\/uploads\/2014\/08\/booksylor-300x141.jpg\" alt=\"booksylor\" width=\"300\" height=\"141\" srcset=\"https:\/\/archive.sana.sy\/tr\/wp-content\/uploads\/2014\/08\/booksylor-300x141.jpg 300w, https:\/\/archive.sana.sy\/tr\/wp-content\/uploads\/2014\/08\/booksylor-150x70.jpg 150w, https:\/\/archive.sana.sy\/tr\/wp-content\/uploads\/2014\/08\/booksylor-1024x483.jpg 1024w, https:\/\/archive.sana.sy\/tr\/wp-content\/uploads\/2014\/08\/booksylor.jpg 1307w\" sizes=\"auto, (max-width: 300px) 100vw, 300px\" \/><\/a>Kattan SANA\u2019n\u0131n Gen\u00e7lik B\u00fcltenine yapt\u0131\u011f\u0131 a\u00e7\u0131klamada; Booksylor\u2019un di\u011fer sosyal payla\u015f\u0131m sitelerine benzedi\u011fini a\u00e7\u0131klarken; ayr\u0131cal\u0131k ve \u00f6zelliklerine \u0131\u015f\u0131k tuttu.<\/p>\n<p>Booksylor\u2019un yay\u0131nlama ve eklemede di\u011fer sosyal payla\u015f\u0131m sitelerinden farkl\u0131 oldu\u011funu belirten Kattan; \u00e7al\u0131\u015ft\u0131r\u0131lmas\u0131 i\u00e7in bilgisayara herhangi bir program yada dosya y\u00fckleme gerektirmemesiyle ki\u015fisel bilgi ve dosyalar\u0131n gizli ve koruma alt\u0131nda kald\u0131klar\u0131n\u0131 belirtti.<\/p>\n<p>Kattan; \u201cbu \u00e7al\u0131\u015fmam ile anavatan\u0131m Suriye&#8217;ye hizmet etmek istedi.. bilim ve marifet sahiplerini bir araya getirmekle birlikte d\u00fc\u015f\u00fcnme ve ideolojilerinin platformunu temsil eden \u00f6zel sayfalar\u0131 ile gurbet\u00e7iler aras\u0131 ve anavatan aras\u0131ndaki ba\u015flar\u0131 peki\u015ftirmek istedim..\u201d \u015feklinde konu\u015ftu.<\/p>\n<p>Kattan Booksylor web sitesinde gizlilik ve \u00f6zelli\u011fin daha g\u00fcvenli oldu\u011funa dikkat \u00e7ekerek; yak\u0131n bir s\u00fcre i\u00e7inde watsap, wiber ve benzerleri sohbet programlar\u0131n\u0131n eklenece\u011fini belirtti.<\/p>\n<p>&nbsp;<\/p>\n","protected":false},"excerpt":{"rendered":"<p>PAR\u0130S \u2013 Fransa&#8217;da ikamet eden Suriyeli Ara\u015ft\u0131rmac\u0131 ve Mucit Bekk\u00fcr Kattan marifet k\u00fclt\u00fcr\u00fcn\u00fc yayma platformu olmas\u0131n\u0131n yan\u0131nda Suriyeli gurbet\u00e7ileri anavatan\u0131 ve ailesine yak\u0131nla\u015ft\u0131rmaya katk\u0131 sa\u011flayacak Arap ve uluslar aras\u0131 ilk web sitesini hizmete ge\u00e7irdi. Booksylor (https:\/\/www.booksylor.com\/)ad\u0131 alt\u0131nda hizmete ge\u00e7en ve hem ak\u0131ll\u0131 telefonlar hem de bilgisayar arac\u0131l\u0131\u011f\u0131 ile kullan\u0131lmas\u0131 m\u00fcmk\u00fcn olan Arap ve uluslar aras\u0131 &hellip;<\/p>\n","protected":false},"author":1,"featured_media":7758,"comment_status":"closed","ping_status":"closed","sticky":false,"template":"","format":"standard","meta":{"footnotes":""},"categories":[458,526,459,525],"tags":[1734],"class_list":["post-7755","post","type-post","status-publish","format-standard","has-post-thumbnail","","category-dunya1","category-haber-ve-raporlar","category-haberler-arap-uluslararasi-politika","category-toplum","tag-suriyeli-arastirmaci-ve-mucitten-sosyal-paylasim-sitesi"],"_links":{"self":[{"href":"https:\/\/archive.sana.sy\/tr\/index.php?rest_route=\/wp\/v2\/posts\/7755","targetHints":{"allow":["GET"]}}],"collection":[{"href":"https:\/\/archive.sana.sy\/tr\/index.php?rest_route=\/wp\/v2\/posts"}],"about":[{"href":"https:\/\/archive.sana.sy\/tr\/index.php?rest_route=\/wp\/v2\/types\/post"}],"author":[{"embeddable":true,"href":"https:\/\/archive.sana.sy\/tr\/index.php?rest_route=\/wp\/v2\/users\/1"}],"replies":[{"embeddable":true,"href":"https:\/\/archive.sana.sy\/tr\/index.php?rest_route=%2Fwp%2Fv2%2Fcomments&post=7755"}],"version-history":[{"count":0,"href":"https:\/\/archive.sana.sy\/tr\/index.php?rest_route=\/wp\/v2\/posts\/7755\/revisions"}],"wp:featuredmedia":[{"embeddable":true,"href":"https:\/\/archive.sana.sy\/tr\/index.php?rest_route=\/wp\/v2\/media\/7758"}],"wp:attachment":[{"href":"https:\/\/archive.sana.sy\/tr\/index.php?rest_route=%2Fwp%2Fv2%2Fmedia&parent=7755"}],"wp:term":[{"taxonomy":"category","embeddable":true,"href":"https:\/\/archive.sana.sy\/tr\/index.php?rest_route=%2Fwp%2Fv2%2Fcategories&post=7755"},{"taxonomy":"post_tag","embeddable":true,"href":"https:\/\/archive.sana.sy\/tr\/index.php?rest_route=%2Fwp%2Fv2%2Ftags&post=7755"}],"curies":[{"name":"wp","href":"https:\/\/api.w.org\/{rel}","templated":true}]}}