{"id":77655,"date":"2016-06-26T10:00:15","date_gmt":"2016-06-26T07:00:15","guid":{"rendered":"http:\/\/www.sana.sy\/tr\/?p=77655"},"modified":"2016-06-27T12:07:43","modified_gmt":"2016-06-27T09:07:43","slug":"teror-grubunun-uyeleri-yakalandi","status":"publish","type":"post","link":"https:\/\/archive.sana.sy\/tr\/?p=77655","title":{"rendered":"Ter\u00f6r Grubunun \u00dcyeleri Yakaland\u0131"},"content":{"rendered":"<p>HAMA \u2013 G\u00fcvenlik birimleri bug\u00fcn Hama k\u0131rsal\u0131n\u0131n bat\u0131s\u0131 Selhab Beldesi yak\u0131nlar\u0131nda bir ter\u00f6r grubunun 2 \u00fcyesini tutuklayarak ka\u00e7\u0131rd\u0131klar\u0131 4 vatanda\u015f\u0131 kurtard\u0131.<\/p>\n<p>Hama Valili\u011finde bir kaynak SANA\u2019ya a\u00e7\u0131klamas\u0131nda b\u00f6lgede h\u0131rs\u0131zl\u0131k, ya\u011fmalama ve vatanda\u015flar\u0131 ka\u00e7\u0131rma eylemlerinde bulunan bir ter\u00f6r grubunun \u00fcyelerini takip operasyonu ba\u015flatmalar\u0131yla Selhab Beldesi yak\u0131nlar\u0131nda gizlendikleri bir yuvaya bask\u0131n d\u00fczenlediklerini belirtti. Kaynak operasyonda ter\u00f6r grubunun iki \u00fcyesinin yakaland\u0131\u011f\u0131n\u0131, daha \u00f6nce ka\u00e7\u0131rm\u0131\u015f olduklar\u0131 ve aralar\u0131nda bir hekimin bulundu\u011fu 4 vatanda\u015f\u0131 kurtard\u0131klar\u0131n\u0131 s\u00f6yledi. Ter\u00f6r yuvas\u0131nda ayr\u0131ca uzun namlulu otomatik silahlar ve bombalar\u0131n yan\u0131 s\u0131ra muhtelif t\u00fcr m\u00fchimmat\u0131n da bulundu\u011funa dikkat \u00e7eken kaynak; ayr\u0131ca ter\u00f6ristlerin kulland\u0131klar\u0131 sahte plakal\u0131 bir araca da el konuldu\u011funu s\u00f6zlerine ekledi.<\/p>\n<p>Kaynak g\u00fcvenlik birimlerinin ter\u00f6r grubunun di\u011fer elemanlar\u0131n\u0131 yakalama operasyonu ba\u015flatt\u0131klar\u0131n\u0131 ifade etti.<\/p>\n","protected":false},"excerpt":{"rendered":"<p>HAMA \u2013 G\u00fcvenlik birimleri bug\u00fcn Hama k\u0131rsal\u0131n\u0131n bat\u0131s\u0131 Selhab Beldesi yak\u0131nlar\u0131nda bir ter\u00f6r grubunun 2 \u00fcyesini tutuklayarak ka\u00e7\u0131rd\u0131klar\u0131 4 vatanda\u015f\u0131 kurtard\u0131. Hama Valili\u011finde bir kaynak SANA\u2019ya a\u00e7\u0131klamas\u0131nda b\u00f6lgede h\u0131rs\u0131zl\u0131k, ya\u011fmalama ve vatanda\u015flar\u0131 ka\u00e7\u0131rma eylemlerinde bulunan bir ter\u00f6r grubunun \u00fcyelerini takip operasyonu ba\u015flatmalar\u0131yla Selhab Beldesi yak\u0131nlar\u0131nda gizlendikleri bir yuvaya bask\u0131n d\u00fczenlediklerini belirtti. Kaynak operasyonda ter\u00f6r grubunun &hellip;<\/p>\n","protected":false},"author":1,"featured_media":77656,"comment_status":"closed","ping_status":"closed","sticky":false,"template":"","format":"standard","meta":{"footnotes":""},"categories":[479,575,17988,478],"tags":[22028,22026,22027,22025],"class_list":["post-77655","post","type-post","status-publish","format-standard","has-post-thumbnail","","category-haberler-yerel","category-olaylar-ve-gercekler","category-son-haberler","category-yerel","tag-bir-teror-grubunun-2-uyesini-tutuklayarak-kacirdiklari-4-vatandasi-kurtardi","tag-guvenlik-birimleri","tag-hama-kirsalinin-batisi-selhab-beldesi","tag-teror-grubunun-uyeleri-yakalandi"],"_links":{"self":[{"href":"https:\/\/archive.sana.sy\/tr\/index.php?rest_route=\/wp\/v2\/posts\/77655","targetHints":{"allow":["GET"]}}],"collection":[{"href":"https:\/\/archive.sana.sy\/tr\/index.php?rest_route=\/wp\/v2\/posts"}],"about":[{"href":"https:\/\/archive.sana.sy\/tr\/index.php?rest_route=\/wp\/v2\/types\/post"}],"author":[{"embeddable":true,"href":"https:\/\/archive.sana.sy\/tr\/index.php?rest_route=\/wp\/v2\/users\/1"}],"replies":[{"embeddable":true,"href":"https:\/\/archive.sana.sy\/tr\/index.php?rest_route=%2Fwp%2Fv2%2Fcomments&post=77655"}],"version-history":[{"count":0,"href":"https:\/\/archive.sana.sy\/tr\/index.php?rest_route=\/wp\/v2\/posts\/77655\/revisions"}],"wp:featuredmedia":[{"embeddable":true,"href":"https:\/\/archive.sana.sy\/tr\/index.php?rest_route=\/wp\/v2\/media\/77656"}],"wp:attachment":[{"href":"https:\/\/archive.sana.sy\/tr\/index.php?rest_route=%2Fwp%2Fv2%2Fmedia&parent=77655"}],"wp:term":[{"taxonomy":"category","embeddable":true,"href":"https:\/\/archive.sana.sy\/tr\/index.php?rest_route=%2Fwp%2Fv2%2Fcategories&post=77655"},{"taxonomy":"post_tag","embeddable":true,"href":"https:\/\/archive.sana.sy\/tr\/index.php?rest_route=%2Fwp%2Fv2%2Ftags&post=77655"}],"curies":[{"name":"wp","href":"https:\/\/api.w.org\/{rel}","templated":true}]}}