{"id":77665,"date":"2016-06-26T12:45:28","date_gmt":"2016-06-26T09:45:28","guid":{"rendered":"http:\/\/www.sana.sy\/tr\/?p=77665"},"modified":"2016-06-26T15:23:48","modified_gmt":"2016-06-26T12:23:48","slug":"iletisim-ve-teknoloji-bakanligi-bugun-deyrezzor-kentinde-bir-bucuk-yildan-fazla-uzun-suredir-devam-eden-kesintiden-sonra-sabit-telefon-sebekesinin-yeniden-hizmete-basladigini-ilan-etti","status":"publish","type":"post","link":"https:\/\/archive.sana.sy\/tr\/?p=77665","title":{"rendered":"\u0130leti\u015fim ve Teknoloji Bakanl\u0131\u011f\u0131 bug\u00fcn Deyrezzor Kentinde bir bu\u00e7uk y\u0131ldan fazla uzun s\u00fcredir devam eden kesintiden sonra sabit telefon \u015febekesinin yeniden hizmete ba\u015flad\u0131\u011f\u0131n\u0131 ilan etti"},"content":{"rendered":"<p>\u0130leti\u015fim ve Teknoloji Bakanl\u0131\u011f\u0131 bug\u00fcn Deyrezzor Kentinde bir bu\u00e7uk y\u0131ldan fazla uzun s\u00fcredir devam eden kesintiden sonra sabit telefon \u015febekesinin yeniden hizmete ba\u015flad\u0131\u011f\u0131n\u0131 ilan etti<\/p>\n","protected":false},"excerpt":{"rendered":"<p>\u0130leti\u015fim ve Teknoloji Bakanl\u0131\u011f\u0131 bug\u00fcn Deyrezzor Kentinde bir bu\u00e7uk y\u0131ldan fazla uzun s\u00fcredir devam eden kesintiden sonra sabit telefon \u015febekesinin yeniden hizmete ba\u015flad\u0131\u011f\u0131n\u0131 ilan etti<\/p>\n","protected":false},"author":1,"featured_media":0,"comment_status":"closed","ping_status":"closed","sticky":false,"template":"","format":"standard","meta":{"footnotes":""},"categories":[17991],"tags":[],"class_list":["post-77665","post","type-post","status-publish","format-standard","","category-son-dakika"],"_links":{"self":[{"href":"https:\/\/archive.sana.sy\/tr\/index.php?rest_route=\/wp\/v2\/posts\/77665","targetHints":{"allow":["GET"]}}],"collection":[{"href":"https:\/\/archive.sana.sy\/tr\/index.php?rest_route=\/wp\/v2\/posts"}],"about":[{"href":"https:\/\/archive.sana.sy\/tr\/index.php?rest_route=\/wp\/v2\/types\/post"}],"author":[{"embeddable":true,"href":"https:\/\/archive.sana.sy\/tr\/index.php?rest_route=\/wp\/v2\/users\/1"}],"replies":[{"embeddable":true,"href":"https:\/\/archive.sana.sy\/tr\/index.php?rest_route=%2Fwp%2Fv2%2Fcomments&post=77665"}],"version-history":[{"count":0,"href":"https:\/\/archive.sana.sy\/tr\/index.php?rest_route=\/wp\/v2\/posts\/77665\/revisions"}],"wp:attachment":[{"href":"https:\/\/archive.sana.sy\/tr\/index.php?rest_route=%2Fwp%2Fv2%2Fmedia&parent=77665"}],"wp:term":[{"taxonomy":"category","embeddable":true,"href":"https:\/\/archive.sana.sy\/tr\/index.php?rest_route=%2Fwp%2Fv2%2Fcategories&post=77665"},{"taxonomy":"post_tag","embeddable":true,"href":"https:\/\/archive.sana.sy\/tr\/index.php?rest_route=%2Fwp%2Fv2%2Ftags&post=77665"}],"curies":[{"name":"wp","href":"https:\/\/api.w.org\/{rel}","templated":true}]}}