{"id":77666,"date":"2016-06-26T15:15:39","date_gmt":"2016-06-26T12:15:39","guid":{"rendered":"http:\/\/www.sana.sy\/tr\/?p=77666"},"modified":"2016-06-27T15:57:59","modified_gmt":"2016-06-27T12:57:59","slug":"rmeyliye-ve-civarindaki-tepeler-ordunun-kontrolunde","status":"publish","type":"post","link":"https:\/\/archive.sana.sy\/tr\/?p=77666","title":{"rendered":"Rmeyliye ve Civar\u0131ndaki Tepeler Ordunun Kontrol\u00fcnde(video)"},"content":{"rendered":"<p>HAMA \u2013 Hama k\u0131rsal\u0131nda tekfirci ter\u00f6ristlere kar\u015f\u0131 amans\u0131z ve aral\u0131ks\u0131z operasyonlar\u0131n\u0131 s\u00fcrd\u00fcren ordu birliklerimizde askeri bir kaynak; il k\u0131rsal\u0131n\u0131n g\u00fcneydo\u011fusunda 60\u2019tan fazla ter\u00f6risti \u00f6l\u00fc \u00e7ok say\u0131da ter\u00f6risti yaral\u0131 d\u00fc\u015f\u00fcrmeleri ard\u0131ndan Rmeyliye Beldesi ve civar\u0131ndaki t\u00fcm tepeleri kontrollerine ge\u00e7irdiklerini belirtti.<\/p>\n<p>Kaynak Halk Savunma G\u00fc\u00e7leriyle i\u015fbirli\u011fi i\u00e7inde ger\u00e7ekle\u015fen operasyonda Kaide \u00d6rg\u00fct\u00fcn\u00fcn Suriye kolu Nusra Cephesi \u00e7eteleri ve zul\u00fcmlerine son verilip belde halk\u0131n\u0131n can ve mal g\u00fcvenli\u011finin sa\u011fland\u0131\u011f\u0131n\u0131 belirtti. Beldenin Nusra Cephesi \u00e7etelerinden temizlenmesi esnas\u0131nda 60 ter\u00f6ristin \u00f6l\u00fc, onlarca ter\u00f6ristin de yaral\u0131 d\u00fc\u015f\u00fcr\u00fcld\u00fcklerini belirten kaynak; bir k\u0131sm\u0131 a\u011f\u0131r silahlarla donat\u0131lm\u0131\u015f 10 arac\u0131n da imha edildi\u011fini s\u00f6zlerine ekledi.<\/p>\n<p>Askeri kaynak g\u00fcn\u00fcn erken saatlerinde yapt\u0131\u011f\u0131 a\u00e7\u0131klamada; Selemiye Kentinin g\u00fcneybat\u0131s\u0131na d\u00fc\u015fen Rmeyliye Beldesine giren Nusra Cephesi, \u2018Cey\u015ful Tevhit\u2019 (Tevhit Ordusu), \u2018Cund Bedir\u2019 (Bedir Askerleri), \u2018Ensar el \u015eeria\u2019 ve \u2018Homs Kolordusu\u2019 adl\u0131 ter\u00f6r \u00f6rg\u00fctlerinden ter\u00f6ristler ile ordu birliklerimiz ve Halk Savunma G\u00fc\u00e7leri aras\u0131nda \u015fiddetli \u00e7at\u0131\u015fmalar\u0131n ya\u015fand\u0131\u011f\u0131n\u0131 ifade etmi\u015fti.<\/p>\n<p>Kaynak \u015fiddetli \u00e7at\u0131\u015fmalar sonucunda onlarca ter\u00f6ristin \u00f6ld\u00fcr\u00fclmeleri, onlarcas\u0131n\u0131n da yaral\u0131 d\u00fc\u015f\u00fcr\u00fclmeleri ard\u0131ndan sa\u011f kalanlar\u0131n arkalar\u0131nda \u00e7ok say\u0131da ter\u00f6rist cesedi b\u0131rakarak ka\u00e7t\u0131klar\u0131n\u0131 s\u00f6zlerine eklemi\u015fti. \u00d6ld\u00fcr\u00fclen ter\u00f6ristlerin aras\u0131nda \u2018Homs Kolordusu\u2019 \u00e7etelerinin s\u00f6zde bask\u0131n (ingimasiyin) \u00e7eteleri emiri Esmer el Vezir ve daha ba\u015fka tehlikeli isimlerin bulundu\u011funa dikkat \u00e7eken kaynak; ter\u00f6ristlerin a\u011f\u0131r kay\u0131plar\u0131n\u0131 kendi medya ara\u00e7lar\u0131nda da itiraf ettiklerini s\u00f6yledi.<\/p>\n<p>https:\/\/youtu.be\/8HFCeTo9JOU<\/p>\n","protected":false},"excerpt":{"rendered":"<p>HAMA \u2013 Hama k\u0131rsal\u0131nda tekfirci ter\u00f6ristlere kar\u015f\u0131 amans\u0131z ve aral\u0131ks\u0131z operasyonlar\u0131n\u0131 s\u00fcrd\u00fcren ordu birliklerimizde askeri bir kaynak; il k\u0131rsal\u0131n\u0131n g\u00fcneydo\u011fusunda 60\u2019tan fazla ter\u00f6risti \u00f6l\u00fc \u00e7ok say\u0131da ter\u00f6risti yaral\u0131 d\u00fc\u015f\u00fcrmeleri ard\u0131ndan Rmeyliye Beldesi ve civar\u0131ndaki t\u00fcm tepeleri kontrollerine ge\u00e7irdiklerini belirtti. Kaynak Halk Savunma G\u00fc\u00e7leriyle i\u015fbirli\u011fi i\u00e7inde ger\u00e7ekle\u015fen operasyonda Kaide \u00d6rg\u00fct\u00fcn\u00fcn Suriye kolu Nusra Cephesi \u00e7eteleri ve &hellip;<\/p>\n","protected":false},"author":1,"featured_media":77792,"comment_status":"closed","ping_status":"closed","sticky":false,"template":"","format":"standard","meta":{"footnotes":""},"categories":[479,575,17988,478],"tags":[22034,22035,22036,22037,3464,22033,22032,22031],"class_list":["post-77666","post","type-post","status-publish","format-standard","has-post-thumbnail","","category-haberler-yerel","category-olaylar-ve-gercekler","category-son-haberler","category-yerel","tag-ceysul-tevhit-tevhit-ordusu","tag-cund-bedir-bedir-askerleri","tag-ensar-el-seria","tag-homs-kolordusu","tag-nusra-cephesi","tag-hama-kirsalinda","tag-rmeyliye-beldesi-ve-civarindaki-tum-tepeleri-kontrollerine-gecirdi","tag-rmeyliye-ve-civarindaki-tepeler-ordunun-kontrolunde"],"_links":{"self":[{"href":"https:\/\/archive.sana.sy\/tr\/index.php?rest_route=\/wp\/v2\/posts\/77666","targetHints":{"allow":["GET"]}}],"collection":[{"href":"https:\/\/archive.sana.sy\/tr\/index.php?rest_route=\/wp\/v2\/posts"}],"about":[{"href":"https:\/\/archive.sana.sy\/tr\/index.php?rest_route=\/wp\/v2\/types\/post"}],"author":[{"embeddable":true,"href":"https:\/\/archive.sana.sy\/tr\/index.php?rest_route=\/wp\/v2\/users\/1"}],"replies":[{"embeddable":true,"href":"https:\/\/archive.sana.sy\/tr\/index.php?rest_route=%2Fwp%2Fv2%2Fcomments&post=77666"}],"version-history":[{"count":0,"href":"https:\/\/archive.sana.sy\/tr\/index.php?rest_route=\/wp\/v2\/posts\/77666\/revisions"}],"wp:featuredmedia":[{"embeddable":true,"href":"https:\/\/archive.sana.sy\/tr\/index.php?rest_route=\/wp\/v2\/media\/77792"}],"wp:attachment":[{"href":"https:\/\/archive.sana.sy\/tr\/index.php?rest_route=%2Fwp%2Fv2%2Fmedia&parent=77666"}],"wp:term":[{"taxonomy":"category","embeddable":true,"href":"https:\/\/archive.sana.sy\/tr\/index.php?rest_route=%2Fwp%2Fv2%2Fcategories&post=77666"},{"taxonomy":"post_tag","embeddable":true,"href":"https:\/\/archive.sana.sy\/tr\/index.php?rest_route=%2Fwp%2Fv2%2Ftags&post=77666"}],"curies":[{"name":"wp","href":"https:\/\/api.w.org\/{rel}","templated":true}]}}