{"id":77677,"date":"2016-06-26T15:57:29","date_gmt":"2016-06-26T12:57:29","guid":{"rendered":"http:\/\/www.sana.sy\/tr\/?p=77677"},"modified":"2016-06-27T15:58:06","modified_gmt":"2016-06-27T12:58:06","slug":"cokuluslu-teror-cetelere-yonelik-operasyonlar-hiz-kesmeden-devam-ediyor-4","status":"publish","type":"post","link":"https:\/\/archive.sana.sy\/tr\/?p=77677","title":{"rendered":"\u00c7okuluslu Ter\u00f6r \u00c7etelere Y\u00f6nelik Operasyonlar H\u0131z Kesmeden Devam Ediyor"},"content":{"rendered":"<p>\u0130LLER \u2013 \u0130\u015fverenleri d\u0131\u015f g\u00fc\u00e7lerin destek ve y\u00f6nlendirmeleriyle \u00fclkeyi kara bir bulut gibi kaplamaya \u00e7al\u0131\u015fan silahl\u0131 ter\u00f6r gruplara kar\u015f\u0131 muazzam ba\u015far\u0131lar sa\u011flayan kahraman birliklerimiz, vatan topraklar\u0131n\u0131 bir g\u00fcne\u015f gibi ayd\u0131nlat\u0131yor, ter\u00f6re ve destek\u00e7ilerine hezimet \u00fcst\u00fcne hezimet ya\u015fat\u0131yorlar.<\/p>\n<p><span style=\"color: #0000ff\">HOMS:<\/span><\/p>\n<p>Askeri bir kaynak SANA\u2019ya a\u00e7\u0131klamas\u0131nda; hav g\u00fc\u00e7lerimizin Homs k\u0131rsal\u0131n\u0131n do\u011fusunda I\u015e\u0130D ter\u00f6r \u00f6rg\u00fct\u00fcne tabi toplanma yerleri ve mevkilerine y\u00f6nelik hava operasyonlar\u0131 ger\u00e7ekle\u015ftirdiklerini ifade etti.<\/p>\n<p>Kaynak Tedmur Kentinin yakla\u015f\u0131k 52 km kuzeybat\u0131s\u0131na d\u00fc\u015fen \u015eair Petrol Sahas\u0131 \u00e7evresinde I\u015e\u0130D\u2019in mevki ve ara\u00e7lar\u0131n\u0131 ate\u015fe tutan hava g\u00fc\u00e7lerimizin; tekfircileri say\u0131 ve te\u00e7hizatlar\u0131yla a\u011f\u0131r kay\u0131plara u\u011fratt\u0131klar\u0131n\u0131 belirtti.<\/p>\n<p>Hava g\u00fc\u00e7lerimizin Homs Kentinin yakla\u015f\u0131k 73 km do\u011fusuna d\u00fc\u015fen Cub el Cerrah B\u00f6lgesinin do\u011fusu ve Huvaysis K\u00f6y\u00fc civar\u0131nda I\u015e\u0130D\u2019e ait havan ve top rampalar\u0131n\u0131 imha ettiklerini aktaran kaynak; \u00e7ok say\u0131da ter\u00f6risti \u00f6l\u00fc ve yaral\u0131 d\u00fc\u015f\u00fcrd\u00fcklerini s\u00f6yledi.<\/p>\n<p><span style=\"color: #0000ff\">DERA:<\/span><\/p>\n<p>\u00d6te yandan ordu birliklerimizin Dera k\u0131rsal\u0131n\u0131n do\u011fusu Um el Meyazin \u2013 Nuayme yolu \u00fczerinde Kaide \u00d6rg\u00fct\u00fcn\u00fcn Suriye kolu Nusra Cephesine kar\u015f\u0131 nitelikli operasyonlar ger\u00e7ekle\u015ftirdiklerini beyan eden askeri kaynak; buralarda da \u0130srail&#8217;in destekledi\u011fi \u00e7okuluslu tekfircilerden y\u00fcksek say\u0131da ter\u00f6risti su\u00e7 edatlar\u0131yla birlikte yok ettiklerini s\u00f6yledi.<\/p>\n<p><span style=\"color: #0000ff\">DEYREZZOR:<\/span><\/p>\n<p>Deyrezzor k\u0131rsal\u0131nda da hava g\u00fc\u00e7lerimiz bug\u00fcn erken saatlerde I\u015e\u0130D\u2019in siper ve mevkilerine kar\u015f\u0131 bir dizi hava operasyonu ger\u00e7ekle\u015ftirdiklerini aktaran saha kaynaklar\u0131; Serda Da\u011f\u0131 civar\u0131 ve Murayiye K\u00f6y\u00fcnde tekfircilere ait 2 komuta karargah\u0131n\u0131 imha ettiklerini belirtti.<\/p>\n<p>Kaynak buna e\u015f zamanl\u0131 olarak \u015eamiye B\u00f6lgesi ve Tabiye K\u00f6y\u00fcnde bir k\u0131sm\u0131 a\u011f\u0131r makineli silahlarla donat\u0131lm\u0131\u015f ara\u00e7lar\u0131n\u0131 yok eden ordu birliklerimizin; buralarda da \u00e7ok say\u0131da ter\u00f6risti \u00f6l\u00fc ve yaral\u0131 d\u00fc\u015f\u00fcrd\u00fcklerine dikkat \u00e7ekti.<\/p>\n<p><span style=\"color: #0000ff\">KUNAYTRA:<\/span><\/p>\n<p>Bu arada Kunaytra Kentinin yakla\u015f\u0131k 12 km do\u011fusuna d\u00fc\u015fen Meshara K\u00f6y\u00fcnde ordu birliklerimiz \u0130srail\u2019den destek alan Nusra Cephesine tabi bir f\u00fcze rampas\u0131n\u0131 ekibiyle birlikte tamamen imha etti.<\/p>\n<p>\u0130l k\u0131rsal\u0131n\u0131n kuzeyi Hamidiye K\u00f6y\u00fcnde ise ordu birliklerimiz ter\u00f6ristlere ait siper ve barikat kurmalarda kullan\u0131lan bir dozeri imha edip ter\u00f6rist ekibini \u00f6l\u00fc ve yaral\u0131 d\u00fc\u015f\u00fcrd\u00fc.<\/p>\n","protected":false},"excerpt":{"rendered":"<p>\u0130LLER \u2013 \u0130\u015fverenleri d\u0131\u015f g\u00fc\u00e7lerin destek ve y\u00f6nlendirmeleriyle \u00fclkeyi kara bir bulut gibi kaplamaya \u00e7al\u0131\u015fan silahl\u0131 ter\u00f6r gruplara kar\u015f\u0131 muazzam ba\u015far\u0131lar sa\u011flayan kahraman birliklerimiz, vatan topraklar\u0131n\u0131 bir g\u00fcne\u015f gibi ayd\u0131nlat\u0131yor, ter\u00f6re ve destek\u00e7ilerine hezimet \u00fcst\u00fcne hezimet ya\u015fat\u0131yorlar. HOMS: Askeri bir kaynak SANA\u2019ya a\u00e7\u0131klamas\u0131nda; hav g\u00fc\u00e7lerimizin Homs k\u0131rsal\u0131n\u0131n do\u011fusunda I\u015e\u0130D ter\u00f6r \u00f6rg\u00fct\u00fcne tabi toplanma yerleri ve &hellip;<\/p>\n","protected":false},"author":1,"featured_media":77678,"comment_status":"closed","ping_status":"closed","sticky":false,"template":"","format":"standard","meta":{"footnotes":""},"categories":[575,17988],"tags":[18025,2515,22041,17284],"class_list":["post-77677","post","type-post","status-publish","format-standard","has-post-thumbnail","","category-olaylar-ve-gercekler","category-son-haberler","tag-cokuluslu-teror-cetelere-yonelik-operasyonlar-hiz-kesmeden-devam-ediyor","tag-isid-teror-orgutu","tag-israilden-destek-alan-nusra-cephesi","tag-kaide-orgutunun-suriye-kolu-nusra-cephesi"],"_links":{"self":[{"href":"https:\/\/archive.sana.sy\/tr\/index.php?rest_route=\/wp\/v2\/posts\/77677","targetHints":{"allow":["GET"]}}],"collection":[{"href":"https:\/\/archive.sana.sy\/tr\/index.php?rest_route=\/wp\/v2\/posts"}],"about":[{"href":"https:\/\/archive.sana.sy\/tr\/index.php?rest_route=\/wp\/v2\/types\/post"}],"author":[{"embeddable":true,"href":"https:\/\/archive.sana.sy\/tr\/index.php?rest_route=\/wp\/v2\/users\/1"}],"replies":[{"embeddable":true,"href":"https:\/\/archive.sana.sy\/tr\/index.php?rest_route=%2Fwp%2Fv2%2Fcomments&post=77677"}],"version-history":[{"count":0,"href":"https:\/\/archive.sana.sy\/tr\/index.php?rest_route=\/wp\/v2\/posts\/77677\/revisions"}],"wp:featuredmedia":[{"embeddable":true,"href":"https:\/\/archive.sana.sy\/tr\/index.php?rest_route=\/wp\/v2\/media\/77678"}],"wp:attachment":[{"href":"https:\/\/archive.sana.sy\/tr\/index.php?rest_route=%2Fwp%2Fv2%2Fmedia&parent=77677"}],"wp:term":[{"taxonomy":"category","embeddable":true,"href":"https:\/\/archive.sana.sy\/tr\/index.php?rest_route=%2Fwp%2Fv2%2Fcategories&post=77677"},{"taxonomy":"post_tag","embeddable":true,"href":"https:\/\/archive.sana.sy\/tr\/index.php?rest_route=%2Fwp%2Fv2%2Ftags&post=77677"}],"curies":[{"name":"wp","href":"https:\/\/api.w.org\/{rel}","templated":true}]}}