{"id":77697,"date":"2016-06-26T12:43:43","date_gmt":"2016-06-26T09:43:43","guid":{"rendered":"http:\/\/www.sana.sy\/tr\/?p=77697"},"modified":"2016-06-27T12:08:09","modified_gmt":"2016-06-27T09:08:09","slug":"cevre-alaninda-icrc-ile-isbirligi","status":"publish","type":"post","link":"https:\/\/archive.sana.sy\/tr\/?p=77697","title":{"rendered":"\u00c7evre Alan\u0131nda ICRC ile \u0130\u015fbirli\u011fi"},"content":{"rendered":"<p>\u015eAM \u2013 \u0130\u015fleri y\u00fcr\u00fctmekle m\u00fckellef h\u00fck\u00fcmette \u00c7evre \u0130\u015flerinden Sorumlu Devlet Bakan\u0131 Nazire Serkis bug\u00fcn Uluslararas\u0131 K\u0131z\u0131lha\u00e7 Komitesi (ICRC) Ba\u015fkan Yard\u0131mc\u0131s\u0131 Beatrice Oxley ve ona e\u015flik eden heyet ile genel kamu sa\u011fl\u0131\u011f\u0131 ve \u00e7evre kirli\u011fine s\u0131n\u0131r koymada ortak \u00e7al\u0131\u015fma olanaklar\u0131n\u0131 masaya yat\u0131rd\u0131.<\/p>\n<p>G\u00f6r\u00fc\u015fmede Bakan Serkis Suriye ordusunun ter\u00f6rden temizledi\u011fi b\u00f6lgeler ba\u015fta olmak \u00fczere ter\u00f6ristlerin sabotaj eylemleri ve sald\u0131r\u0131lar\u0131 sonucunda meydana gelen \u00e7evre kirli\u011fine s\u0131n\u0131r koyma, bir k\u0131s\u0131m su kuyular\u0131n\u0131n yak\u0131t yerine g\u00fcne\u015f enerjisiyle \u00e7al\u0131\u015ft\u0131r\u0131lmalar\u0131 arac\u0131l\u0131\u011f\u0131 ile i\u00e7me suyunun temini ve k\u00fc\u00e7\u00fck \u00f6l\u00e7ekli yat\u0131r\u0131m projeleri arac\u0131l\u0131\u011f\u0131 ile dar gelirli ailelere yard\u0131m etme meselelerinde i\u015fbirli\u011fi \u00f6nerilerinde bulundu.<\/p>\n<p>Konuk heyet iki taraf aras\u0131nda ortak i\u015fbirli\u011fi planlar\u0131n\u0131n belirlenmesi ve \u00f6ncelikli meselelere odaklan\u0131lmas\u0131 \u00e7a\u011fr\u0131s\u0131nda bulunurken, Suriye h\u00fck\u00fcmeti ile i\u015fbirli\u011fi arzusunu ifade etti.<\/p>\n","protected":false},"excerpt":{"rendered":"<p>\u015eAM \u2013 \u0130\u015fleri y\u00fcr\u00fctmekle m\u00fckellef h\u00fck\u00fcmette \u00c7evre \u0130\u015flerinden Sorumlu Devlet Bakan\u0131 Nazire Serkis bug\u00fcn Uluslararas\u0131 K\u0131z\u0131lha\u00e7 Komitesi (ICRC) Ba\u015fkan Yard\u0131mc\u0131s\u0131 Beatrice Oxley ve ona e\u015flik eden heyet ile genel kamu sa\u011fl\u0131\u011f\u0131 ve \u00e7evre kirli\u011fine s\u0131n\u0131r koymada ortak \u00e7al\u0131\u015fma olanaklar\u0131n\u0131 masaya yat\u0131rd\u0131. G\u00f6r\u00fc\u015fmede Bakan Serkis Suriye ordusunun ter\u00f6rden temizledi\u011fi b\u00f6lgeler ba\u015fta olmak \u00fczere ter\u00f6ristlerin sabotaj eylemleri &hellip;<\/p>\n","protected":false},"author":1,"featured_media":77698,"comment_status":"closed","ping_status":"closed","sticky":false,"template":"","format":"standard","meta":{"footnotes":""},"categories":[479,17988,478],"tags":[22049,22048,17904,19487],"class_list":["post-77697","post","type-post","status-publish","format-standard","has-post-thumbnail","","category-haberler-yerel","category-son-haberler","category-yerel","tag-icrc-baskan-yardimcisi-beatrice-oxley","tag-cevre-alaninda-icrc-ile-isbirligi","tag-cevre-islerinden-sorumlu-devlet-bakani-nazire-serkis","tag-uluslararasi-kizilhac-komitesi"],"_links":{"self":[{"href":"https:\/\/archive.sana.sy\/tr\/index.php?rest_route=\/wp\/v2\/posts\/77697","targetHints":{"allow":["GET"]}}],"collection":[{"href":"https:\/\/archive.sana.sy\/tr\/index.php?rest_route=\/wp\/v2\/posts"}],"about":[{"href":"https:\/\/archive.sana.sy\/tr\/index.php?rest_route=\/wp\/v2\/types\/post"}],"author":[{"embeddable":true,"href":"https:\/\/archive.sana.sy\/tr\/index.php?rest_route=\/wp\/v2\/users\/1"}],"replies":[{"embeddable":true,"href":"https:\/\/archive.sana.sy\/tr\/index.php?rest_route=%2Fwp%2Fv2%2Fcomments&post=77697"}],"version-history":[{"count":0,"href":"https:\/\/archive.sana.sy\/tr\/index.php?rest_route=\/wp\/v2\/posts\/77697\/revisions"}],"wp:featuredmedia":[{"embeddable":true,"href":"https:\/\/archive.sana.sy\/tr\/index.php?rest_route=\/wp\/v2\/media\/77698"}],"wp:attachment":[{"href":"https:\/\/archive.sana.sy\/tr\/index.php?rest_route=%2Fwp%2Fv2%2Fmedia&parent=77697"}],"wp:term":[{"taxonomy":"category","embeddable":true,"href":"https:\/\/archive.sana.sy\/tr\/index.php?rest_route=%2Fwp%2Fv2%2Fcategories&post=77697"},{"taxonomy":"post_tag","embeddable":true,"href":"https:\/\/archive.sana.sy\/tr\/index.php?rest_route=%2Fwp%2Fv2%2Ftags&post=77697"}],"curies":[{"name":"wp","href":"https:\/\/api.w.org\/{rel}","templated":true}]}}