{"id":7777,"date":"2014-08-20T10:03:08","date_gmt":"2014-08-20T07:03:08","guid":{"rendered":"http:\/\/www.sana.sy\/tr\/?p=7777"},"modified":"2014-08-20T10:03:32","modified_gmt":"2014-08-20T07:03:32","slug":"nabulsi-suriyeyi-dusurme-projesi-dusecek-direnis-ekseni-de-dimdik-ayakta-duracak","status":"publish","type":"post","link":"https:\/\/archive.sana.sy\/tr\/?p=7777","title":{"rendered":"Nabulsi: Suriye\u2019yi D\u00fc\u015f\u00fcrme Projesi D\u00fc\u015fecek Direni\u015f Ekseni de Dimdik Ayakta Duracak"},"content":{"rendered":"<p>BEYRUT \u2013 L\u00fcbnanl\u0131 Allame \u015eeyh Adfif Nabulsi, Suriye\u2019yi d\u00fc\u015f\u00fcrme projesinin \u0130ran\u2019\u0131 abluka alt\u0131na alma ve azledilmesi projesi gibi ba\u015far\u0131s\u0131zl\u0131\u011fa u\u011frayaca\u011f\u0131n\u0131 belirterek, Suriye\u2019den \u0130ran\u2019a direni\u015f ekseninin sabit ve dim dik ayakta kalaca\u011f\u0131n\u0131 vurgulad\u0131.<\/p>\n<p>Allame Nabulsi d\u00fcn \u0130ran Uluslararas\u0131 el Mustafa \u00dcniversitesi Ba\u015fkan Yard\u0131mc\u0131s\u0131 \u015eeyh Mehdevi Mehr ba\u015fkanl\u0131\u011f\u0131ndaki heyetle bir araya geli\u015finde, somut ger\u00e7eklerin Suriye\u2019nin, canl\u0131l\u0131\u011f\u0131, zorluklar\u0131 a\u015fma g\u00fcc\u00fc ve olumlu enerjilerini ortaya \u00e7\u0131karma g\u00fcc\u00fcn\u00fc b\u00fct\u00fcn herkese kan\u0131tlad\u0131\u011f\u0131n\u0131 s\u00f6yledi.<\/p>\n<p>Allame Nabulsi, Suriye\u2019de cereyan eden uzla\u015fmalar\u0131n b\u00f6l\u00fcnme ve teslimiyet\u00e7ili\u011fi kabul etmeyen Suriye\u2019nin b\u00f6l\u00fcnmez birli\u011fi \u00e7er\u00e7evesinde geldi\u011fini ifade etti.<\/p>\n<p>Nabulsi, 3 seneden fazla bir zamand\u0131r cereyan eden olaylar\u0131n b\u00f6lgedeki direni\u015f yap\u0131s\u0131n\u0131 y\u0131kmay\u0131 hedefledi\u011fini lakin bu projenin direni\u015f\u00e7ilerin azmi \u00f6n\u00fcnde ba\u015far\u0131s\u0131zl\u0131\u011fa u\u011frad\u0131\u011f\u0131n\u0131 ve Amerika\u2019y\u0131 \u0130srail\u2019in b\u00fct\u00fcn Arap alemini hegemonyas\u0131 alt\u0131na almak i\u00e7in b\u00fcy\u00fck \u0130srail\u2019in yay\u0131lmas\u0131 \u00f6n\u00fcndeki her engeli ortadan kald\u0131rma \u00e7abas\u0131yla mezhepsel \u00e7at\u0131\u015fmalar\u0131 k\u00f6r\u00fcklemeye itti\u011fine dikkat \u00e7ekti.<\/p>\n<p>Nabulsi, Amerika\u2019n\u0131n gasp\u00e7\u0131 \u0130srail varl\u0131\u011f\u0131 \u00e7\u0131kar\u0131na Suriye ve \u0130ran\u2019\u0131 abluka alt\u0131na almak ve direni\u015f eksenini vurmak i\u00e7in fitneler yaratmaktan vazge\u00e7meyece\u011fini vurgulad\u0131.<\/p>\n","protected":false},"excerpt":{"rendered":"<p>BEYRUT \u2013 L\u00fcbnanl\u0131 Allame \u015eeyh Adfif Nabulsi, Suriye\u2019yi d\u00fc\u015f\u00fcrme projesinin \u0130ran\u2019\u0131 abluka alt\u0131na alma ve azledilmesi projesi gibi ba\u015far\u0131s\u0131zl\u0131\u011fa u\u011frayaca\u011f\u0131n\u0131 belirterek, Suriye\u2019den \u0130ran\u2019a direni\u015f ekseninin sabit ve dim dik ayakta kalaca\u011f\u0131n\u0131 vurgulad\u0131. Allame Nabulsi d\u00fcn \u0130ran Uluslararas\u0131 el Mustafa \u00dcniversitesi Ba\u015fkan Yard\u0131mc\u0131s\u0131 \u015eeyh Mehdevi Mehr ba\u015fkanl\u0131\u011f\u0131ndaki heyetle bir araya geli\u015finde, somut ger\u00e7eklerin Suriye\u2019nin, canl\u0131l\u0131\u011f\u0131, zorluklar\u0131 &hellip;<\/p>\n","protected":false},"author":1,"featured_media":7779,"comment_status":"closed","ping_status":"closed","sticky":false,"template":"","format":"standard","meta":{"footnotes":""},"categories":[584],"tags":[1736],"class_list":["post-7777","post","type-post","status-publish","format-standard","has-post-thumbnail","","category-yurtdisinda-sana-ofisleri","tag-nabulsi-suriyeyi-dusurme-projesi-dusecek-direnis-ekseni-de-dimdik-ayakta-duracak"],"_links":{"self":[{"href":"https:\/\/archive.sana.sy\/tr\/index.php?rest_route=\/wp\/v2\/posts\/7777","targetHints":{"allow":["GET"]}}],"collection":[{"href":"https:\/\/archive.sana.sy\/tr\/index.php?rest_route=\/wp\/v2\/posts"}],"about":[{"href":"https:\/\/archive.sana.sy\/tr\/index.php?rest_route=\/wp\/v2\/types\/post"}],"author":[{"embeddable":true,"href":"https:\/\/archive.sana.sy\/tr\/index.php?rest_route=\/wp\/v2\/users\/1"}],"replies":[{"embeddable":true,"href":"https:\/\/archive.sana.sy\/tr\/index.php?rest_route=%2Fwp%2Fv2%2Fcomments&post=7777"}],"version-history":[{"count":0,"href":"https:\/\/archive.sana.sy\/tr\/index.php?rest_route=\/wp\/v2\/posts\/7777\/revisions"}],"wp:featuredmedia":[{"embeddable":true,"href":"https:\/\/archive.sana.sy\/tr\/index.php?rest_route=\/wp\/v2\/media\/7779"}],"wp:attachment":[{"href":"https:\/\/archive.sana.sy\/tr\/index.php?rest_route=%2Fwp%2Fv2%2Fmedia&parent=7777"}],"wp:term":[{"taxonomy":"category","embeddable":true,"href":"https:\/\/archive.sana.sy\/tr\/index.php?rest_route=%2Fwp%2Fv2%2Fcategories&post=7777"},{"taxonomy":"post_tag","embeddable":true,"href":"https:\/\/archive.sana.sy\/tr\/index.php?rest_route=%2Fwp%2Fv2%2Ftags&post=7777"}],"curies":[{"name":"wp","href":"https:\/\/api.w.org\/{rel}","templated":true}]}}