{"id":7780,"date":"2014-08-20T10:11:18","date_gmt":"2014-08-20T07:11:18","guid":{"rendered":"http:\/\/www.sana.sy\/tr\/?p=7780"},"modified":"2014-08-20T10:11:18","modified_gmt":"2014-08-20T07:11:18","slug":"isgalci-israil-ateskesi-ihlal-ederek-gazzede-7-sehidin-dustugu-yeni-katliam-isledi","status":"publish","type":"post","link":"https:\/\/archive.sana.sy\/tr\/?p=7780","title":{"rendered":"\u0130\u015fgalci \u0130srail Ate\u015fkesi \u0130hlal Ederek Gazze\u2019de 7 \u015eehidin D\u00fc\u015ft\u00fc\u011f\u00fc Yeni Katliam \u0130\u015fledi"},"content":{"rendered":"<p>GAZZE \u2013 \u0130srail i\u015fgal g\u00fc\u00e7lerinin bu sabah Gazze Kesimi ortalar\u0131ndaki Deyr el Belah Kentinde el Louh ailesinin evini bombard\u0131man ate\u015fine tutmas\u0131 sonucunda yeni bir katliama imza att\u0131. Bombard\u0131manlar sonucunda 7 Filistinli \u015fehit d\u00fc\u015ft\u00fc 8 ki\u015fi de yaraland\u0131.<\/p>\n<p>Filistinli SAFA haber ajans\u0131 i\u015fgal u\u00e7aklar\u0131n\u0131n s\u00f6z konusu ailenin evini bir f\u00fczeyle hedef almas\u0131 sonucunda evin ailenin ba\u015flar\u0131 \u00fczerine y\u0131k\u0131ld\u0131\u011f\u0131n\u0131, \u015fehit d\u00fc\u015fenlerin Rafet el Louh ile 9 ayl\u0131k hamile e\u015fi Nebile, \u00e7ocuklar\u0131 Farah, Meysere, Mustafa ve karde\u015fi Muhammed oldu\u011funu a\u00e7\u0131klad\u0131.<\/p>\n<p>Filistin Sa\u011fl\u0131k Bakanl\u0131\u011f\u0131 s\u00f6zc\u00fcs\u00fc E\u015fref Kudra, enkaz alt\u0131ndan \u015fehit Ahmet Mustafa el Louh\u2019un cesedinin \u00e7\u0131kar\u0131ld\u0131\u011f\u0131n\u0131 ve b\u00f6ylece tek aileden \u015fehit d\u00fc\u015fenlerin say\u0131s\u0131 7\u2019ye y\u00fckselmi\u015f oldu.<\/p>\n<p>Ajans, enkaz alt\u0131nda arama \u00e7al\u0131\u015fmalar\u0131n\u0131n devam etti\u011fine i\u015faret ederek sa\u011fl\u0131k ekipleri, yaral\u0131lar\u0131n durumlar\u0131n\u0131n orta ve tehlikeli oldu\u011funu s\u00f6yledi.<\/p>\n<p>\u0130\u015fgal u\u00e7aklar\u0131n\u0131n Rafah\u2019ta ba\u015fka bir evi bombalamas\u0131 sonucunda da 10 Filistinlinin yaralanmas\u0131na neden oldu.<\/p>\n<p>\u0130\u015fgalci \u0130srail g\u00fc\u00e7leri d\u00fcn \u00f6\u011fleden sonra ge\u00e7ici ate\u015fkesi ihlal etmi\u015f ve Gazze\u2019ye y\u00f6nelik sald\u0131r\u0131lar\u0131n\u0131 s\u00fcrd\u00fcrm\u00fc\u015f bunun sonucunda baz\u0131 Filistinli vatanda\u015flar yaralanm\u0131\u015ft\u0131.<\/p>\n<p>Kahire\u2019de Filistinli g\u00f6r\u00fc\u015fmeciler Ba\u015fkan\u0131 Azzam el Ahmet, \u0130srail i\u015fgal otoritesi h\u00fck\u00fcmetinin Gazze Kesiminde daimi ate\u015fkese varmak i\u00e7in isteksizli\u011fi ve ciddiyetsizli\u011fini ortaya koymas\u0131 ard\u0131ndan heyetin bu sabah M\u0131s\u0131r\u2019\u0131n Ba\u015fkenti Kahire\u2019yi b\u0131rakt\u0131klar\u0131n\u0131 ilan etti.<\/p>\n<p>\u0130\u015fgal g\u00fc\u00e7leri d\u00fcn ak\u015fam\u2019da El Kassam Tugaylar\u0131 genel komutan\u0131 Muhammed el Dayf\u2019\u0131 suikastla \u00f6ld\u00fcrmek i\u00e7in evini hedef almas\u0131 sonucunda e\u015fi ve k\u0131z\u0131 \u015fehit d\u00fc\u015fm\u00fc\u015ft\u00fc.<\/p>\n<p>AFP, el Deluv ailesinin evine y\u00f6nelik \u0130srail u\u00e7aklar\u0131 bombard\u0131man\u0131 sonucunda bir kad\u0131n ve k\u0131z \u00e7ocu\u011funun \u015fehit d\u00fc\u015fmesi 45 ki\u015finin de yaralanmas\u0131na yol a\u00e7t\u0131\u011f\u0131n\u0131 belirtti.<\/p>\n<p>Elkassam Tugaylar\u0131 el Deluv ailesinin evine d\u00fczenledi\u011fi sald\u0131r\u0131n\u0131n a\u011f\u0131r bedelini \u00f6deyece\u011fi vaadinde bulundu.<br \/>\nD\u00fcn gece yay\u0131nlad\u0131klar\u0131 beyanda, d\u00fc\u015fman\u0131n ate\u015fkesi ihlal etmesiyle kendilerine Cehennem kap\u0131lar\u0131n\u0131 a\u00e7t\u0131klar\u0131n\u0131 ve a\u011f\u0131r bedeller \u00f6deyece\u011fini s\u00f6yledi.<\/p>\n<p>B\u00f6ylece i\u015fgalci \u0130srail\u2019in Gazze Kesimine y\u00f6nelik sald\u0131r\u0131lar\u0131n\u0131n ba\u015flamas\u0131ndan bu yana \u015fehit d\u00fc\u015fenlerin say\u0131s\u0131 en az 2026\u2019ya yaral\u0131lar\u0131n say\u0131s\u0131 ise sa\u011fl\u0131k kaynaklar\u0131nca 10 binin \u00fczerine \u00e7\u0131km\u0131\u015f oldu.<\/p>\n","protected":false},"excerpt":{"rendered":"<p>GAZZE \u2013 \u0130srail i\u015fgal g\u00fc\u00e7lerinin bu sabah Gazze Kesimi ortalar\u0131ndaki Deyr el Belah Kentinde el Louh ailesinin evini bombard\u0131man ate\u015fine tutmas\u0131 sonucunda yeni bir katliama imza att\u0131. Bombard\u0131manlar sonucunda 7 Filistinli \u015fehit d\u00fc\u015ft\u00fc 8 ki\u015fi de yaraland\u0131. Filistinli SAFA haber ajans\u0131 i\u015fgal u\u00e7aklar\u0131n\u0131n s\u00f6z konusu ailenin evini bir f\u00fczeyle hedef almas\u0131 sonucunda evin ailenin ba\u015flar\u0131 &hellip;<\/p>\n","protected":false},"author":1,"featured_media":7781,"comment_status":"closed","ping_status":"closed","sticky":false,"template":"","format":"standard","meta":{"footnotes":""},"categories":[458,459,447],"tags":[1737],"class_list":["post-7780","post","type-post","status-publish","format-standard","has-post-thumbnail","","category-dunya1","category-haberler-arap-uluslararasi-politika","category-politika","tag-isgalci-israil-ateskesi-ihlal-ederek-gazzede-7-sehidin-dustugu-yeni-katliam-isledi"],"_links":{"self":[{"href":"https:\/\/archive.sana.sy\/tr\/index.php?rest_route=\/wp\/v2\/posts\/7780","targetHints":{"allow":["GET"]}}],"collection":[{"href":"https:\/\/archive.sana.sy\/tr\/index.php?rest_route=\/wp\/v2\/posts"}],"about":[{"href":"https:\/\/archive.sana.sy\/tr\/index.php?rest_route=\/wp\/v2\/types\/post"}],"author":[{"embeddable":true,"href":"https:\/\/archive.sana.sy\/tr\/index.php?rest_route=\/wp\/v2\/users\/1"}],"replies":[{"embeddable":true,"href":"https:\/\/archive.sana.sy\/tr\/index.php?rest_route=%2Fwp%2Fv2%2Fcomments&post=7780"}],"version-history":[{"count":0,"href":"https:\/\/archive.sana.sy\/tr\/index.php?rest_route=\/wp\/v2\/posts\/7780\/revisions"}],"wp:featuredmedia":[{"embeddable":true,"href":"https:\/\/archive.sana.sy\/tr\/index.php?rest_route=\/wp\/v2\/media\/7781"}],"wp:attachment":[{"href":"https:\/\/archive.sana.sy\/tr\/index.php?rest_route=%2Fwp%2Fv2%2Fmedia&parent=7780"}],"wp:term":[{"taxonomy":"category","embeddable":true,"href":"https:\/\/archive.sana.sy\/tr\/index.php?rest_route=%2Fwp%2Fv2%2Fcategories&post=7780"},{"taxonomy":"post_tag","embeddable":true,"href":"https:\/\/archive.sana.sy\/tr\/index.php?rest_route=%2Fwp%2Fv2%2Ftags&post=7780"}],"curies":[{"name":"wp","href":"https:\/\/api.w.org\/{rel}","templated":true}]}}