{"id":77884,"date":"2016-06-28T09:20:08","date_gmt":"2016-06-28T06:20:08","guid":{"rendered":"http:\/\/www.sana.sy\/tr\/?p=77884"},"modified":"2016-06-29T12:14:26","modified_gmt":"2016-06-29T09:14:26","slug":"ala-golanin-iadesi-suriye-halkinin-kararidir-ve-kacinilmazdir","status":"publish","type":"post","link":"https:\/\/archive.sana.sy\/tr\/?p=77884","title":{"rendered":"Ala: Golan\u2019\u0131n \u0130adesi Suriye Halk\u0131n\u0131n Karar\u0131d\u0131r ve Ka\u00e7\u0131n\u0131lmazd\u0131r"},"content":{"rendered":"<p>CENEVRE \u2013 Suriye\u2019nin Cenevre\u2019de BM Daimi Temsilcisi H\u00fcsamettin Ala; i\u015fgal alt\u0131ndaki Golan topraklar\u0131n\u0131n iade al\u0131nmas\u0131n\u0131n Suriye halk\u0131n\u0131n ve anavatan Suriye\u2019ye ba\u011fl\u0131l\u0131klar\u0131n\u0131 her f\u0131rsatta yineleyen Golanl\u0131 vatan evlatlar\u0131n\u0131n iradesinin karar\u0131 oldu\u011funu ifade ederek Golan topraklar\u0131n\u0131n er ya da ge\u00e7 anavatan topraklar\u0131na yeniden kavu\u015fturulaca\u011f\u0131n\u0131 belirtti.<\/p>\n<p>D\u00fcn Uluslararas\u0131 \u0130nsan Haklar\u0131 Komisyonunun 32. D\u00f6nem toplant\u0131s\u0131nda bir konu\u015fma yapan Ala; Golan\u2019\u0131n gelece\u011finin Natenyahu taraf\u0131ndan yap\u0131lan i\u00e7i bo\u015f a\u00e7\u0131klamalarla ya da i\u015fgalci \u0130srail\u2019in destekledi\u011fi ter\u00f6rle belirlenebilece\u011fi d\u00fc\u015f\u00fcncesinin bo\u015f bir evhamdan ibaret oldu\u011funu dille getirerek Golan topraklar\u0131n\u0131n Suriye halk\u0131n\u0131n egemenli\u011fi ve iradesi alt\u0131na d\u00f6n\u00fc\u015f\u00fcn\u00fcn ka\u00e7\u0131n\u0131lmaz oldu\u011funu vurgulad\u0131.<\/p>\n<p>Suriye Arap Cumhuriyetinin \u0130srail i\u015fgal otoritelerinin s\u00fcrd\u00fcrd\u00fckleri insan haklar\u0131 ihlallerini, Yahudi yerle\u015fkeleri \u00e7etelerinin Arap ulusuna kar\u015f\u0131 i\u015fledikleri su\u00e7lar\u0131 ve gerek Filistin\u2019de gerekse Golan topraklar\u0131nda uygulanan \u0131rk\u00e7\u0131 ayr\u0131m politikalar\u0131n\u0131 k\u0131nad\u0131\u011f\u0131n\u0131 ifade eden Ala; \u0130srail\u2019in Yahudi yerle\u015fkelerinin s\u0131n\u0131rlar\u0131n\u0131 geni\u015fletme \u00e7abalar\u0131, \u0131rk\u00e7\u0131 ay\u0131r\u0131m duvar\u0131n\u0131n \u00f6r\u00fclmeye devam edilmesi, Kud\u00fcs\u2019\u00fcn Yahudile\u015ftirilme faaliyetlerinin devam etmesi, Aksa Mescidini hedef allan sald\u0131r\u0131lar\u0131n s\u00fcrmesi ve i\u015fgal askerlerinin uygulad\u0131\u011f\u0131 toplu tutuklama operasyonlar\u0131n\u0131n tehlikelerine kar\u015f\u0131 dikkatli olunmas\u0131 gerekti\u011fini ibraz eti.<\/p>\n<p>\u0130srail i\u015fgal otoritelerinin Golanl\u0131 vatanda\u015flar\u0131m\u0131za kar\u015f\u0131 keyfi politikalar geli\u015ftirdi\u011fine i\u015faret eden Ala; bu keyfi politikalar\u0131n Golanl\u0131 vatanda\u015flar\u0131n ekonomik, sosyal, k\u00fclt\u00fcrel, e\u011fitim, ula\u015f\u0131m ve daha bir\u00e7ok haklar\u0131na sald\u0131r\u0131 te\u015fkil etti\u011fini belirtti.<\/p>\n<p>\u0130srail\u2019in i\u015fgal alt\u0131ndaki Filistin ve Golan topraklar\u0131nda i\u015fledi\u011fi insan haklar\u0131 ihlallerinin, \u0130nsan Haklar\u0131 Komisyonu \u00c7al\u0131\u015fma Program\u0131ndaki 7. Bendin aktifle\u015ftirilmesini dayatt\u0131\u011f\u0131n\u0131 ifade eden Ala; bu alanda kimi devletlerin tercih etti\u011fi iki y\u00fczl\u00fc politikalar\u0131n ve 7. Bendin yok say\u0131lmas\u0131n\u0131n \u0130srail\u2019i insan haklar\u0131 ihlal etmeye ve kendini uluslararas\u0131 kanunlar\u0131n \u00fcst\u00fcnde g\u00f6rmeye te\u015fvik etti\u011fini vurgulad\u0131.<\/p>\n<p>\u0130nsan Haklar\u0131 Komisyonunun, i\u015fgal alt\u0131ndaki Arap topraklar\u0131nda i\u015flenen insan haklar\u0131 ihlallerini g\u00f6zlemlemeye ve belgelemeye devam etti\u011fine de\u011finen Ala; ayr\u0131ca \u0130srail\u2019in gayr\u0131 me\u015fru i\u015fgalini s\u00fcrd\u00fcrmek i\u00e7in ter\u00f6r\u00fc destekledi\u011fini, Golan topraklar\u0131nda bulunan silahl\u0131 ter\u00f6r gruplar\u0131na silah ve lojistik deste\u011fi sa\u011flad\u0131\u011f\u0131n\u0131, ter\u00f6ristlerin ileti\u015fim ve ula\u015f\u0131mlar\u0131n\u0131 sa\u011flamalar\u0131 i\u00e7in yollar a\u00e7t\u0131\u011f\u0131n\u0131 ve hatta \u0130srail i\u015fgal ordusundan kimi subay ve \u00fcst r\u00fctbeli askerlerin silahl\u0131 ter\u00f6r gruplar\u0131 eleba\u015flar\u0131na direk destek sa\u011flad\u0131klar\u0131n\u0131n herkes\u00e7e bilinen ger\u00e7ekler haline geldi\u011fini hat\u0131rlatt\u0131.<\/p>\n<p>F.B. &#8211; R.H.<\/p>\n","protected":false},"excerpt":{"rendered":"<p>CENEVRE \u2013 Suriye\u2019nin Cenevre\u2019de BM Daimi Temsilcisi H\u00fcsamettin Ala; i\u015fgal alt\u0131ndaki Golan topraklar\u0131n\u0131n iade al\u0131nmas\u0131n\u0131n Suriye halk\u0131n\u0131n ve anavatan Suriye\u2019ye ba\u011fl\u0131l\u0131klar\u0131n\u0131 her f\u0131rsatta yineleyen Golanl\u0131 vatan evlatlar\u0131n\u0131n iradesinin karar\u0131 oldu\u011funu ifade ederek Golan topraklar\u0131n\u0131n er ya da ge\u00e7 anavatan topraklar\u0131na yeniden kavu\u015fturulaca\u011f\u0131n\u0131 belirtti. D\u00fcn Uluslararas\u0131 \u0130nsan Haklar\u0131 Komisyonunun 32. D\u00f6nem toplant\u0131s\u0131nda bir konu\u015fma yapan Ala; &hellip;<\/p>\n","protected":false},"author":1,"featured_media":77885,"comment_status":"closed","ping_status":"closed","sticky":false,"template":"","format":"standard","meta":{"footnotes":""},"categories":[458,459,17988],"tags":[22087],"class_list":["post-77884","post","type-post","status-publish","format-standard","has-post-thumbnail","","category-dunya1","category-haberler-arap-uluslararasi-politika","category-son-haberler","tag-ala-golanin-iadesi-suriye-halkinin-kararidir-ve-kacinilmazdir"],"_links":{"self":[{"href":"https:\/\/archive.sana.sy\/tr\/index.php?rest_route=\/wp\/v2\/posts\/77884","targetHints":{"allow":["GET"]}}],"collection":[{"href":"https:\/\/archive.sana.sy\/tr\/index.php?rest_route=\/wp\/v2\/posts"}],"about":[{"href":"https:\/\/archive.sana.sy\/tr\/index.php?rest_route=\/wp\/v2\/types\/post"}],"author":[{"embeddable":true,"href":"https:\/\/archive.sana.sy\/tr\/index.php?rest_route=\/wp\/v2\/users\/1"}],"replies":[{"embeddable":true,"href":"https:\/\/archive.sana.sy\/tr\/index.php?rest_route=%2Fwp%2Fv2%2Fcomments&post=77884"}],"version-history":[{"count":0,"href":"https:\/\/archive.sana.sy\/tr\/index.php?rest_route=\/wp\/v2\/posts\/77884\/revisions"}],"wp:featuredmedia":[{"embeddable":true,"href":"https:\/\/archive.sana.sy\/tr\/index.php?rest_route=\/wp\/v2\/media\/77885"}],"wp:attachment":[{"href":"https:\/\/archive.sana.sy\/tr\/index.php?rest_route=%2Fwp%2Fv2%2Fmedia&parent=77884"}],"wp:term":[{"taxonomy":"category","embeddable":true,"href":"https:\/\/archive.sana.sy\/tr\/index.php?rest_route=%2Fwp%2Fv2%2Fcategories&post=77884"},{"taxonomy":"post_tag","embeddable":true,"href":"https:\/\/archive.sana.sy\/tr\/index.php?rest_route=%2Fwp%2Fv2%2Ftags&post=77884"}],"curies":[{"name":"wp","href":"https:\/\/api.w.org\/{rel}","templated":true}]}}