{"id":77923,"date":"2016-06-28T10:11:41","date_gmt":"2016-06-28T07:11:41","guid":{"rendered":"http:\/\/www.sana.sy\/tr\/?p=77923"},"modified":"2016-06-28T13:15:54","modified_gmt":"2016-06-28T10:15:54","slug":"sanaya-aciklamasinda-askeri-bir-kaynak-ordu-birliklerimizin-dera-tafas-ekseninde-israil-destekli-kaide-orgutunun-suriye-kolu-nusra-cephesinden-bir-teror-grubuna-siki-bir-pusu-kurara","status":"publish","type":"post","link":"https:\/\/archive.sana.sy\/tr\/?p=77923","title":{"rendered":"SANA\u2019ya a\u00e7\u0131klamas\u0131nda askeri bir kaynak ordu birliklerimizin Dera \u2013 Tafas ekseninde \u0130srail destekli Kaide \u00d6rg\u00fct\u00fcn\u00fcn Suriye kolu Nusra Cephesinden bir ter\u00f6r grubuna s\u0131k\u0131 bir pusu kurarak grup elemanlar\u0131n\u0131n t\u00fcm\u00fcn\u00fc ekipmanlar\u0131yla birlikte etkisizle\u015ftirdiklerini belirtti"},"content":{"rendered":"<p>SANA\u2019ya a\u00e7\u0131klamas\u0131nda askeri bir kaynak ordu birliklerimizin Dera \u2013 Tafas ekseninde \u0130srail destekli Kaide \u00d6rg\u00fct\u00fcn\u00fcn Suriye kolu Nusra Cephesinden bir ter\u00f6r grubuna s\u0131k\u0131 bir pusu kurarak grup elemanlar\u0131n\u0131n t\u00fcm\u00fcn\u00fc ekipmanlar\u0131yla birlikte etkisizle\u015ftirdiklerini belirtti<\/p>\n","protected":false},"excerpt":{"rendered":"<p>SANA\u2019ya a\u00e7\u0131klamas\u0131nda askeri bir kaynak ordu birliklerimizin Dera \u2013 Tafas ekseninde \u0130srail destekli Kaide \u00d6rg\u00fct\u00fcn\u00fcn Suriye kolu Nusra Cephesinden bir ter\u00f6r grubuna s\u0131k\u0131 bir pusu kurarak grup elemanlar\u0131n\u0131n t\u00fcm\u00fcn\u00fc ekipmanlar\u0131yla birlikte etkisizle\u015ftirdiklerini belirtti<\/p>\n","protected":false},"author":1,"featured_media":0,"comment_status":"closed","ping_status":"closed","sticky":false,"template":"","format":"standard","meta":{"footnotes":""},"categories":[17991],"tags":[],"class_list":["post-77923","post","type-post","status-publish","format-standard","","category-son-dakika"],"_links":{"self":[{"href":"https:\/\/archive.sana.sy\/tr\/index.php?rest_route=\/wp\/v2\/posts\/77923","targetHints":{"allow":["GET"]}}],"collection":[{"href":"https:\/\/archive.sana.sy\/tr\/index.php?rest_route=\/wp\/v2\/posts"}],"about":[{"href":"https:\/\/archive.sana.sy\/tr\/index.php?rest_route=\/wp\/v2\/types\/post"}],"author":[{"embeddable":true,"href":"https:\/\/archive.sana.sy\/tr\/index.php?rest_route=\/wp\/v2\/users\/1"}],"replies":[{"embeddable":true,"href":"https:\/\/archive.sana.sy\/tr\/index.php?rest_route=%2Fwp%2Fv2%2Fcomments&post=77923"}],"version-history":[{"count":0,"href":"https:\/\/archive.sana.sy\/tr\/index.php?rest_route=\/wp\/v2\/posts\/77923\/revisions"}],"wp:attachment":[{"href":"https:\/\/archive.sana.sy\/tr\/index.php?rest_route=%2Fwp%2Fv2%2Fmedia&parent=77923"}],"wp:term":[{"taxonomy":"category","embeddable":true,"href":"https:\/\/archive.sana.sy\/tr\/index.php?rest_route=%2Fwp%2Fv2%2Fcategories&post=77923"},{"taxonomy":"post_tag","embeddable":true,"href":"https:\/\/archive.sana.sy\/tr\/index.php?rest_route=%2Fwp%2Fv2%2Ftags&post=77923"}],"curies":[{"name":"wp","href":"https:\/\/api.w.org\/{rel}","templated":true}]}}