{"id":77938,"date":"2016-06-28T12:17:48","date_gmt":"2016-06-28T09:17:48","guid":{"rendered":"http:\/\/www.sana.sy\/tr\/?p=77938"},"modified":"2016-06-28T14:10:42","modified_gmt":"2016-06-28T11:10:42","slug":"peskov-turkiye-rejiminin-rusyadan-ozur-dilemesinin-onemli-bir-adim-oldugunu-fakat-iki-ulke-iliskilerinin-duzelmesi-icin-atilmasi-gereken-daha-bir-dizi-adim-bulundugunun-altini-cizdi","status":"publish","type":"post","link":"https:\/\/archive.sana.sy\/tr\/?p=77938","title":{"rendered":"Peskov; T\u00fcrkiye rejiminin Rusya&#8217;dan \u00f6z\u00fcr dilemesinin \u00f6nemli bir ad\u0131m oldu\u011funu, fakat iki \u00fclke ili\u015fkilerinin d\u00fczelmesi i\u00e7in at\u0131lmas\u0131 gereken daha bir dizi ad\u0131m bulundu\u011funun alt\u0131n\u0131 \u00e7izdi"},"content":{"rendered":"<p>Peskov; T\u00fcrkiye rejiminin Rusya&#8217;dan \u00f6z\u00fcr dilemesinin \u00f6nemli bir ad\u0131m oldu\u011funu, fakat iki \u00fclke ili\u015fkilerinin d\u00fczelmesi i\u00e7in at\u0131lmas\u0131 gereken daha bir dizi ad\u0131m bulundu\u011funun alt\u0131n\u0131 \u00e7izdi<\/p>\n","protected":false},"excerpt":{"rendered":"<p>Peskov; T\u00fcrkiye rejiminin Rusya&#8217;dan \u00f6z\u00fcr dilemesinin \u00f6nemli bir ad\u0131m oldu\u011funu, fakat iki \u00fclke ili\u015fkilerinin d\u00fczelmesi i\u00e7in at\u0131lmas\u0131 gereken daha bir dizi ad\u0131m bulundu\u011funun alt\u0131n\u0131 \u00e7izdi<\/p>\n","protected":false},"author":1,"featured_media":0,"comment_status":"closed","ping_status":"closed","sticky":false,"template":"","format":"standard","meta":{"footnotes":""},"categories":[17991],"tags":[],"class_list":["post-77938","post","type-post","status-publish","format-standard","","category-son-dakika"],"_links":{"self":[{"href":"https:\/\/archive.sana.sy\/tr\/index.php?rest_route=\/wp\/v2\/posts\/77938","targetHints":{"allow":["GET"]}}],"collection":[{"href":"https:\/\/archive.sana.sy\/tr\/index.php?rest_route=\/wp\/v2\/posts"}],"about":[{"href":"https:\/\/archive.sana.sy\/tr\/index.php?rest_route=\/wp\/v2\/types\/post"}],"author":[{"embeddable":true,"href":"https:\/\/archive.sana.sy\/tr\/index.php?rest_route=\/wp\/v2\/users\/1"}],"replies":[{"embeddable":true,"href":"https:\/\/archive.sana.sy\/tr\/index.php?rest_route=%2Fwp%2Fv2%2Fcomments&post=77938"}],"version-history":[{"count":0,"href":"https:\/\/archive.sana.sy\/tr\/index.php?rest_route=\/wp\/v2\/posts\/77938\/revisions"}],"wp:attachment":[{"href":"https:\/\/archive.sana.sy\/tr\/index.php?rest_route=%2Fwp%2Fv2%2Fmedia&parent=77938"}],"wp:term":[{"taxonomy":"category","embeddable":true,"href":"https:\/\/archive.sana.sy\/tr\/index.php?rest_route=%2Fwp%2Fv2%2Fcategories&post=77938"},{"taxonomy":"post_tag","embeddable":true,"href":"https:\/\/archive.sana.sy\/tr\/index.php?rest_route=%2Fwp%2Fv2%2Ftags&post=77938"}],"curies":[{"name":"wp","href":"https:\/\/api.w.org\/{rel}","templated":true}]}}