{"id":77942,"date":"2016-06-28T12:46:56","date_gmt":"2016-06-28T09:46:56","guid":{"rendered":"http:\/\/www.sana.sy\/tr\/?p=77942"},"modified":"2016-06-28T14:24:13","modified_gmt":"2016-06-28T11:24:13","slug":"erdogan-ve-al-suud-rejimlerinin-her-turlu-destegi-temin-edip-yonlendirdikleri-ahrar-el-sam-islami-hareketi-ve-kaide-orgutunun-suriye-kolu-nusra-cephesine-tabi-tekfirci-teror-ceteleri-hama-kirsalinda-z","status":"publish","type":"post","link":"https:\/\/archive.sana.sy\/tr\/?p=77942","title":{"rendered":"Erdo\u011fan ve Al Suud rejimlerinin her t\u00fcrl\u00fc deste\u011fi temin edip y\u00f6nlendirdikleri Ahrar el \u015eam \u0130slami Hareketi ve Kaide \u00d6rg\u00fct\u00fcn\u00fcn Suriye kolu Nusra Cephesine tabi tekfirci ter\u00f6r \u00e7eteleri Hama k\u0131rsal\u0131nda Zeyzun Elektrik \u0130stasyonunu ya\u011fmalay\u0131p ekipmanlar\u0131n\u0131 \u0130dlib k\u0131rsal\u0131 \u00fczerinden T\u00fcrkiye&#8217;ye ta\u015f\u0131d\u0131"},"content":{"rendered":"<p>Erdo\u011fan ve Al Suud rejimlerinin her t\u00fcrl\u00fc deste\u011fi temin edip y\u00f6nlendirdikleri Ahrar el \u015eam \u0130slami Hareketi ve Kaide \u00d6rg\u00fct\u00fcn\u00fcn Suriye kolu Nusra Cephesine tabi tekfirci ter\u00f6r \u00e7eteleri Hama k\u0131rsal\u0131nda Zeyzun Elektrik \u0130stasyonunu ya\u011fmalay\u0131p ekipmanlar\u0131n\u0131 \u0130dlib k\u0131rsal\u0131 \u00fczerinden T\u00fcrkiye&#8217;ye ta\u015f\u0131d\u0131<\/p>\n","protected":false},"excerpt":{"rendered":"<p>Erdo\u011fan ve Al Suud rejimlerinin her t\u00fcrl\u00fc deste\u011fi temin edip y\u00f6nlendirdikleri Ahrar el \u015eam \u0130slami Hareketi ve Kaide \u00d6rg\u00fct\u00fcn\u00fcn Suriye kolu Nusra Cephesine tabi tekfirci ter\u00f6r \u00e7eteleri Hama k\u0131rsal\u0131nda Zeyzun Elektrik \u0130stasyonunu ya\u011fmalay\u0131p ekipmanlar\u0131n\u0131 \u0130dlib k\u0131rsal\u0131 \u00fczerinden T\u00fcrkiye&#8217;ye ta\u015f\u0131d\u0131<\/p>\n","protected":false},"author":1,"featured_media":0,"comment_status":"closed","ping_status":"closed","sticky":false,"template":"","format":"standard","meta":{"footnotes":""},"categories":[17991],"tags":[],"class_list":["post-77942","post","type-post","status-publish","format-standard","","category-son-dakika"],"_links":{"self":[{"href":"https:\/\/archive.sana.sy\/tr\/index.php?rest_route=\/wp\/v2\/posts\/77942","targetHints":{"allow":["GET"]}}],"collection":[{"href":"https:\/\/archive.sana.sy\/tr\/index.php?rest_route=\/wp\/v2\/posts"}],"about":[{"href":"https:\/\/archive.sana.sy\/tr\/index.php?rest_route=\/wp\/v2\/types\/post"}],"author":[{"embeddable":true,"href":"https:\/\/archive.sana.sy\/tr\/index.php?rest_route=\/wp\/v2\/users\/1"}],"replies":[{"embeddable":true,"href":"https:\/\/archive.sana.sy\/tr\/index.php?rest_route=%2Fwp%2Fv2%2Fcomments&post=77942"}],"version-history":[{"count":0,"href":"https:\/\/archive.sana.sy\/tr\/index.php?rest_route=\/wp\/v2\/posts\/77942\/revisions"}],"wp:attachment":[{"href":"https:\/\/archive.sana.sy\/tr\/index.php?rest_route=%2Fwp%2Fv2%2Fmedia&parent=77942"}],"wp:term":[{"taxonomy":"category","embeddable":true,"href":"https:\/\/archive.sana.sy\/tr\/index.php?rest_route=%2Fwp%2Fv2%2Fcategories&post=77942"},{"taxonomy":"post_tag","embeddable":true,"href":"https:\/\/archive.sana.sy\/tr\/index.php?rest_route=%2Fwp%2Fv2%2Ftags&post=77942"}],"curies":[{"name":"wp","href":"https:\/\/api.w.org\/{rel}","templated":true}]}}