{"id":77953,"date":"2016-06-28T11:15:24","date_gmt":"2016-06-28T08:15:24","guid":{"rendered":"http:\/\/www.sana.sy\/tr\/?p=77953"},"modified":"2016-06-29T12:17:10","modified_gmt":"2016-06-29T09:17:10","slug":"turkiye-basbakani-tukurdugunu-yaladi-sozlerinden-dondu","status":"publish","type":"post","link":"https:\/\/archive.sana.sy\/tr\/?p=77953","title":{"rendered":"T\u00fcrkiye Ba\u015fbakan\u0131 T\u00fck\u00fcrd\u00fc\u011f\u00fcn\u00fc Yalad\u0131"},"content":{"rendered":"<p>ANKARA \u2013 T\u00fcrkiye&#8217;de AKP rejimi ba\u015fbakan\u0131 Binali Y\u0131ld\u0131r\u0131m, rejimine tabi hava g\u00fc\u00e7lerinin ge\u00e7en Kas\u0131m ay\u0131n\u0131n 24\u2019d\u00fcnde Suriye&#8217;de tekfirci ter\u00f6re kar\u015f\u0131 operasyonlar\u0131 s\u0131ras\u0131nda Rus SU-24 tipi bir u\u00e7a\u011f\u0131 Suriye hava sahas\u0131nda d\u00fc\u015f\u00fcrmeleri ve pilotunun \u00f6ld\u00fcr\u00fclmesinden dolay\u0131 AKP h\u00fck\u00fcmetinin Rusya&#8217;ya tazminat \u00f6demeyece\u011fini s\u00f6yledi.<\/p>\n<p>Y\u0131ld\u0131r\u0131m T\u00fcrk CNN \u015eebekesine yapt\u0131\u011f\u0131 a\u00e7\u0131klamada Y\u0131ld\u0131r\u0131m; rejimin Rusya&#8217;ya sadece esefini ifade etti\u011fini, tazminat \u00f6demesinin de g\u00fcndemde olmad\u0131\u011f\u0131n\u0131 s\u00f6yledi.<\/p>\n<p>T\u00fcrkiye B\u00fcy\u00fck Millet Meclisinde bug\u00fcn bas\u0131n mensuplar\u0131na a\u00e7\u0131klamas\u0131nda ise Y\u0131ld\u0131r\u0131m; \u201cd\u00fc\u015f\u00fcr\u00fclen Rus u\u00e7a\u011f\u0131n pilotunun \u00f6ld\u00fcr\u00fclmesinden sorumlu oldu\u011fu \u015f\u00fcphelenilen bir \u015fah\u0131s hakk\u0131nda kanuni icraatlar\u0131n devam etti\u011fini \u00f6ne s\u00fcrd\u00fc. Muhtelif medya kaynaklar\u0131 ise Rus pilotu \u00f6ld\u00fcren Alparslan \u00c7elik ve beraberindeki 7 tutuklunun tahliye edildi\u011fini aktarm\u0131\u015ft\u0131.<\/p>\n<p>S\u00f6z\u00fcnden d\u00f6n\u00fcp t\u00fck\u00fcrd\u00fc\u011f\u00fcn\u00fc yalayan Y\u0131ld\u0131r\u0131m daha \u00f6nce T\u00fcrk TRT Televizyonuna yapt\u0131\u011f\u0131 a\u00e7\u0131klamada; rejim ba\u015fkan\u0131 Erdo\u011fan\u2019\u0131n Rusya Ba\u015fkan\u0131 Vladimir Putin\u2019e g\u00f6nderdi\u011fi \u00f6z\u00fcr mesaj\u0131n\u0131n gayet net ve a\u00e7\u0131k oldu\u011funa i\u015faret ederken, bu mesajda \u00f6z\u00fcr diledi\u011fini ve gereken tazminat\u0131 \u00f6demeye haz\u0131r oldu\u011funu ifade etti\u011fini s\u00f6ylemi\u015fti.<\/p>\n","protected":false},"excerpt":{"rendered":"<p>ANKARA \u2013 T\u00fcrkiye&#8217;de AKP rejimi ba\u015fbakan\u0131 Binali Y\u0131ld\u0131r\u0131m, rejimine tabi hava g\u00fc\u00e7lerinin ge\u00e7en Kas\u0131m ay\u0131n\u0131n 24\u2019d\u00fcnde Suriye&#8217;de tekfirci ter\u00f6re kar\u015f\u0131 operasyonlar\u0131 s\u0131ras\u0131nda Rus SU-24 tipi bir u\u00e7a\u011f\u0131 Suriye hava sahas\u0131nda d\u00fc\u015f\u00fcrmeleri ve pilotunun \u00f6ld\u00fcr\u00fclmesinden dolay\u0131 AKP h\u00fck\u00fcmetinin Rusya&#8217;ya tazminat \u00f6demeyece\u011fini s\u00f6yledi. Y\u0131ld\u0131r\u0131m T\u00fcrk CNN \u015eebekesine yapt\u0131\u011f\u0131 a\u00e7\u0131klamada Y\u0131ld\u0131r\u0131m; rejimin Rusya&#8217;ya sadece esefini ifade etti\u011fini, tazminat &hellip;<\/p>\n","protected":false},"author":1,"featured_media":77956,"comment_status":"closed","ping_status":"closed","sticky":false,"template":"","format":"standard","meta":{"footnotes":""},"categories":[458,459,17988],"tags":[22107,22106,22104,22105],"class_list":["post-77953","post","type-post","status-publish","format-standard","has-post-thumbnail","","category-dunya1","category-haberler-arap-uluslararasi-politika","category-son-haberler","tag-pilotunun-oldurulmesinden-dolayi-akp-hukumetinin-rusyaya-tazminat-odemeyecegini-soyledi","tag-rus-su-24-tipi-bir-ucagi-suriye-hava-sahasinda-dusurmeleri","tag-turkiye-basbakani-tukurdugunu-yaladi-sozlerinden-dondu","tag-turkiyede-akp-rejimi-basbakani-binali-yildirim"],"_links":{"self":[{"href":"https:\/\/archive.sana.sy\/tr\/index.php?rest_route=\/wp\/v2\/posts\/77953","targetHints":{"allow":["GET"]}}],"collection":[{"href":"https:\/\/archive.sana.sy\/tr\/index.php?rest_route=\/wp\/v2\/posts"}],"about":[{"href":"https:\/\/archive.sana.sy\/tr\/index.php?rest_route=\/wp\/v2\/types\/post"}],"author":[{"embeddable":true,"href":"https:\/\/archive.sana.sy\/tr\/index.php?rest_route=\/wp\/v2\/users\/1"}],"replies":[{"embeddable":true,"href":"https:\/\/archive.sana.sy\/tr\/index.php?rest_route=%2Fwp%2Fv2%2Fcomments&post=77953"}],"version-history":[{"count":0,"href":"https:\/\/archive.sana.sy\/tr\/index.php?rest_route=\/wp\/v2\/posts\/77953\/revisions"}],"wp:featuredmedia":[{"embeddable":true,"href":"https:\/\/archive.sana.sy\/tr\/index.php?rest_route=\/wp\/v2\/media\/77956"}],"wp:attachment":[{"href":"https:\/\/archive.sana.sy\/tr\/index.php?rest_route=%2Fwp%2Fv2%2Fmedia&parent=77953"}],"wp:term":[{"taxonomy":"category","embeddable":true,"href":"https:\/\/archive.sana.sy\/tr\/index.php?rest_route=%2Fwp%2Fv2%2Fcategories&post=77953"},{"taxonomy":"post_tag","embeddable":true,"href":"https:\/\/archive.sana.sy\/tr\/index.php?rest_route=%2Fwp%2Fv2%2Ftags&post=77953"}],"curies":[{"name":"wp","href":"https:\/\/api.w.org\/{rel}","templated":true}]}}