{"id":77961,"date":"2016-06-28T12:30:18","date_gmt":"2016-06-28T09:30:18","guid":{"rendered":"http:\/\/www.sana.sy\/tr\/?p=77961"},"modified":"2016-06-29T12:18:29","modified_gmt":"2016-06-29T09:18:29","slug":"yagmalayip-turkiyeye-goturduler","status":"publish","type":"post","link":"https:\/\/archive.sana.sy\/tr\/?p=77961","title":{"rendered":"Ya\u011fmalay\u0131p T\u00fcrkiye&#8217;ye G\u00f6t\u00fcrd\u00fcler"},"content":{"rendered":"<p>HAMA \u2013 Erdo\u011fan ve Al Suud rejimlerinin her t\u00fcrl\u00fc deste\u011fi temin edip y\u00f6nlendirdikleri Ahrar el \u015eam \u0130slami Hareketi ve Kaide \u00d6rg\u00fct\u00fcn\u00fcn Suriye kolu Nusra Cephesine tabi tekfirci ter\u00f6r \u00e7eteleri Hama k\u0131rsal\u0131nda Zeyzun Elektrik \u0130stasyonunu ya\u011fmalay\u0131p ekipmanlar\u0131n\u0131 \u0130dlib k\u0131rsal\u0131 \u00fczerinden T\u00fcrkiye&#8217;ye ta\u015f\u0131d\u0131.<\/p>\n<p><a href=\"http:\/\/www.sana.sy\/tr\/wp-content\/uploads\/2016\/06\/Zeyzun-Elektrik-\u0130stasyonunu.jpg\"><img loading=\"lazy\" decoding=\"async\" class=\"alignright wp-image-77963 \" src=\"http:\/\/www.sana.sy\/tr\/wp-content\/uploads\/2016\/06\/Zeyzun-Elektrik-\u0130stasyonunu-169x300.jpg\" alt=\"Zeyzun Elektrik \u0130stasyonunu\" width=\"156\" height=\"277\" srcset=\"https:\/\/archive.sana.sy\/tr\/wp-content\/uploads\/2016\/06\/Zeyzun-Elektrik-\u0130stasyonunu-169x300.jpg 169w, https:\/\/archive.sana.sy\/tr\/wp-content\/uploads\/2016\/06\/Zeyzun-Elektrik-\u0130stasyonunu-84x150.jpg 84w, https:\/\/archive.sana.sy\/tr\/wp-content\/uploads\/2016\/06\/Zeyzun-Elektrik-\u0130stasyonunu-768x1366.jpg 768w, https:\/\/archive.sana.sy\/tr\/wp-content\/uploads\/2016\/06\/Zeyzun-Elektrik-\u0130stasyonunu-576x1024.jpg 576w, https:\/\/archive.sana.sy\/tr\/wp-content\/uploads\/2016\/06\/Zeyzun-Elektrik-\u0130stasyonunu.jpg 1000w\" sizes=\"auto, (max-width: 156px) 100vw, 156px\" \/><\/a>\u0130dlib iline tabi Cisre\u015f\u015fu\u011fur B\u00f6lgesinde yerel kaynaklar Zeyzun \u0130stasyonu idaresi ile telefon ba\u011flant\u0131lar\u0131nda; s\u00f6z konusu ter\u00f6r \u00f6rg\u00fctlerden \u00e7etelerin istasyonu ya\u011fmalay\u0131p ekipman ve makineleri b\u00fcy\u00fck kamyonlara y\u00fckleyip T\u00fcrkiye&#8217;ye ka\u00e7\u0131rd\u0131klar\u0131n\u0131 g\u00f6zleriyle g\u00f6rd\u00fcklerini ifade ettiler.<\/p>\n<p>Zeyzun \u0130stasyonu idaresinden bir kaynak, bu ba\u011flamda Cisre\u015f\u015fu\u011fur ahalisinden telefon arac\u0131l\u0131\u011f\u0131 ile \u00e7ok say\u0131da ihbar ald\u0131klar\u0131na dikkat \u00e7ekerken, tekfirci ter\u00f6ristlerin kocaman makine ve ekipmanlar dahil istasyon te\u00e7hizatlar\u0131n\u0131 s\u00f6k\u00fcp kamyonlara y\u00fcklediklerini g\u00f6steren foto\u011fraflar\u0131n bulundu\u011funa vurgu yapt\u0131. Ayn\u0131 kaynak ya\u011fmalan\u0131p \u00e7al\u0131nan makine ve te\u00e7hizatlar\u0131n bir k\u0131sm\u0131n\u0131n normal insanlar taraf\u0131ndan s\u00f6k\u00fclmesinin hi\u00e7bir \u015fekilde m\u00fcmk\u00fcn olmad\u0131\u011f\u0131na dikkat \u00e7ekerken, tekfirci ter\u00f6ristlerin bu eylemlerinde uzman ki\u015filer kulland\u0131klar\u0131n\u0131n kesin oldu\u011funu belirtti.<\/p>\n<p><a href=\"http:\/\/www.sana.sy\/tr\/wp-content\/uploads\/2016\/06\/Zeyzun-Elektrik-\u0130stasyonunu-1.jpg\"><img loading=\"lazy\" decoding=\"async\" class=\"alignright wp-image-77964 size-medium\" src=\"http:\/\/www.sana.sy\/tr\/wp-content\/uploads\/2016\/06\/Zeyzun-Elektrik-\u0130stasyonunu-1-261x300.jpg\" alt=\"Zeyzun Elektrik \u0130stasyonunu  1\" width=\"261\" height=\"300\" srcset=\"https:\/\/archive.sana.sy\/tr\/wp-content\/uploads\/2016\/06\/Zeyzun-Elektrik-\u0130stasyonunu-1-261x300.jpg 261w, https:\/\/archive.sana.sy\/tr\/wp-content\/uploads\/2016\/06\/Zeyzun-Elektrik-\u0130stasyonunu-1-130x150.jpg 130w, https:\/\/archive.sana.sy\/tr\/wp-content\/uploads\/2016\/06\/Zeyzun-Elektrik-\u0130stasyonunu-1-768x884.jpg 768w, https:\/\/archive.sana.sy\/tr\/wp-content\/uploads\/2016\/06\/Zeyzun-Elektrik-\u0130stasyonunu-1-890x1024.jpg 890w, https:\/\/archive.sana.sy\/tr\/wp-content\/uploads\/2016\/06\/Zeyzun-Elektrik-\u0130stasyonunu-1.jpg 1000w\" sizes=\"auto, (max-width: 261px) 100vw, 261px\" \/><\/a>Maliyeti yar\u0131m milyar dolar\u0131 a\u015fan Zeyzun \u0130stasyonunun neredeyse hizmete haz\u0131r a\u015famaya geldi\u011fine dikkat \u00e7eken kaynak; Nusra Cephesinin sald\u0131r\u0131s\u0131 sonucunda istasyon \u00e7al\u0131\u015fanlar\u0131n\u0131n selameti a\u00e7\u0131s\u0131ndan daha \u00f6nce bo\u015falt\u0131ld\u0131\u011f\u0131na s\u00f6yledi.<\/p>\n<p>Bilindi\u011fi \u00fczere Erdo\u011fan ve Al Suud rejimlerine tabi s\u00f6z konusu ter\u00f6r \u00f6rg\u00fctleri daha \u00f6nce Halep ve k\u0131rsal\u0131nda y\u00fczlerce fabrika ve sanayi kurumunu T\u00fcrkiyeli uzmanlar\u0131n yard\u0131mlar\u0131yla ya\u011fmalay\u0131p s\u00f6kmeleri ard\u0131ndan T\u00fcrkiye&#8217;ye ta\u015f\u0131y\u0131p orada satm\u0131\u015flard\u0131.<\/p>\n<p>&nbsp;<\/p>\n","protected":false},"excerpt":{"rendered":"<p>HAMA \u2013 Erdo\u011fan ve Al Suud rejimlerinin her t\u00fcrl\u00fc deste\u011fi temin edip y\u00f6nlendirdikleri Ahrar el \u015eam \u0130slami Hareketi ve Kaide \u00d6rg\u00fct\u00fcn\u00fcn Suriye kolu Nusra Cephesine tabi tekfirci ter\u00f6r \u00e7eteleri Hama k\u0131rsal\u0131nda Zeyzun Elektrik \u0130stasyonunu ya\u011fmalay\u0131p ekipmanlar\u0131n\u0131 \u0130dlib k\u0131rsal\u0131 \u00fczerinden T\u00fcrkiye&#8217;ye ta\u015f\u0131d\u0131. \u0130dlib iline tabi Cisre\u015f\u015fu\u011fur B\u00f6lgesinde yerel kaynaklar Zeyzun \u0130stasyonu idaresi ile telefon ba\u011flant\u0131lar\u0131nda; s\u00f6z &hellip;<\/p>\n","protected":false},"author":1,"featured_media":77962,"comment_status":"closed","ping_status":"closed","sticky":false,"template":"","format":"standard","meta":{"footnotes":""},"categories":[479,575,17988,478],"tags":[22112,22111,22110],"class_list":["post-77961","post","type-post","status-publish","format-standard","has-post-thumbnail","","category-haberler-yerel","category-olaylar-ve-gercekler","category-son-haberler","category-yerel","tag-ahrar-el-sam-islami-hareketi-ve-kaide-orgutunun-suriye-kolu-nusra-cephesine-tabi-tekfirci-teror-ceteleri","tag-hama-kirsalinda-zeyzun-elektrik-istasyonunu","tag-yagmalayip-turkiyeye-goturduler"],"_links":{"self":[{"href":"https:\/\/archive.sana.sy\/tr\/index.php?rest_route=\/wp\/v2\/posts\/77961","targetHints":{"allow":["GET"]}}],"collection":[{"href":"https:\/\/archive.sana.sy\/tr\/index.php?rest_route=\/wp\/v2\/posts"}],"about":[{"href":"https:\/\/archive.sana.sy\/tr\/index.php?rest_route=\/wp\/v2\/types\/post"}],"author":[{"embeddable":true,"href":"https:\/\/archive.sana.sy\/tr\/index.php?rest_route=\/wp\/v2\/users\/1"}],"replies":[{"embeddable":true,"href":"https:\/\/archive.sana.sy\/tr\/index.php?rest_route=%2Fwp%2Fv2%2Fcomments&post=77961"}],"version-history":[{"count":0,"href":"https:\/\/archive.sana.sy\/tr\/index.php?rest_route=\/wp\/v2\/posts\/77961\/revisions"}],"wp:featuredmedia":[{"embeddable":true,"href":"https:\/\/archive.sana.sy\/tr\/index.php?rest_route=\/wp\/v2\/media\/77962"}],"wp:attachment":[{"href":"https:\/\/archive.sana.sy\/tr\/index.php?rest_route=%2Fwp%2Fv2%2Fmedia&parent=77961"}],"wp:term":[{"taxonomy":"category","embeddable":true,"href":"https:\/\/archive.sana.sy\/tr\/index.php?rest_route=%2Fwp%2Fv2%2Fcategories&post=77961"},{"taxonomy":"post_tag","embeddable":true,"href":"https:\/\/archive.sana.sy\/tr\/index.php?rest_route=%2Fwp%2Fv2%2Ftags&post=77961"}],"curies":[{"name":"wp","href":"https:\/\/api.w.org\/{rel}","templated":true}]}}