{"id":77970,"date":"2016-06-28T10:21:21","date_gmt":"2016-06-28T07:21:21","guid":{"rendered":"http:\/\/www.sana.sy\/tr\/?p=77970"},"modified":"2016-06-29T12:14:34","modified_gmt":"2016-06-29T09:14:34","slug":"yaptirimlar-insani-durumlari-daha-da-kotulestiriyor","status":"publish","type":"post","link":"https:\/\/archive.sana.sy\/tr\/?p=77970","title":{"rendered":"Yapt\u0131r\u0131mlar \u0130nsani Durumlar\u0131 Daha da K\u00f6t\u00fcle\u015ftiriyor"},"content":{"rendered":"<p>MOSKOVA \u2013 Rusya D\u0131\u015fi\u015fleri Bakanl\u0131\u011f\u0131 S\u00f6zc\u00fcs\u00fc Mariya Zaharova Kaide \u00d6rg\u00fct\u00fcn\u00fcn Suriye kolu olan ve T\u00fcrkiye rejimi taraf\u0131ndan desteklenen Nusra Cephesinin Ramazan ay\u0131nda sivillere kar\u015f\u0131 ter\u00f6r sald\u0131r\u0131lar\u0131n\u0131 ciddi bir \u015fekilde t\u0131rmand\u0131rd\u0131\u011f\u0131n\u0131 belirtti.<\/p>\n<p>Zakharova bug\u00fcn d\u00fczenledi\u011fi haftal\u0131k bas\u0131n toplant\u0131s\u0131nda; Suriye&#8217;de insani durumlar\u0131n siyasi ticaretini yapan kimi taraflar\u0131n bizzat kendileri taraf\u0131ndan uygulanan ekonomik yapt\u0131r\u0131mlar\u0131n, bu insani durumlar\u0131 daha da karma\u015f\u0131k k\u0131l\u0131p zorla\u015ft\u0131rd\u0131\u011f\u0131n\u0131 s\u00f6yledi.<\/p>\n<p>Suriye&#8217;de muhtelif isimler alt\u0131nda desteklenen ter\u00f6ristlerin bar\u0131\u015f s\u00fcrecini sabote etmek i\u00e7in her gayreti g\u00f6sterdiklerine dikkat \u00e7eken Zakharova; Rusya\u2019n\u0131n Suriye h\u00fck\u00fcmeti ve BM ile i\u015fbirli\u011fi i\u00e7inde Suriye halk\u0131na insani yard\u0131m g\u00f6nderme \u00e7abalar\u0131n\u0131 s\u00fcrd\u00fcrd\u00fcklerini belirtti. Zakharova, ABD ve baz\u0131 AB \u00fclkelerinin Suriye&#8217;ye uygulad\u0131\u011f\u0131 ekonomik yapt\u0131r\u0131mlar\u0131n \u00fclkedeki insani durumlara ciddi \u015fekilde zarar verdi\u011fini vurgulayarak, bu yapt\u0131r\u0131mlar\u0131n derhal kald\u0131r\u0131lmas\u0131 i\u00e7in \u00e7a\u011fr\u0131 yapt\u0131.<\/p>\n<p>Suriye&#8217;deki duruma de\u011finen Zakharova, I\u015e\u0130D ile El Nusra Cephesi militanlar\u0131n\u0131n \u00e7at\u0131\u015fmalar\u0131 durdurma anla\u015fmas\u0131 ve Ramazan ay\u0131na ra\u011fmen sivillere y\u00f6nelik ter\u00f6r sald\u0131r\u0131lar\u0131n\u0131 t\u0131rmand\u0131rd\u0131klar\u0131na vurgu yaparken;bas\u0131nda \u00e7\u0131kan baz\u0131 haberlere g\u00f6re ter\u00f6ristlerin sivillere kar\u015f\u0131 klor gaz\u0131 kulland\u0131\u011f\u0131na dikkat \u00e7ekti.<\/p>\n<p>\u00d6te yandan Zakharova, D\u0131\u015fi\u015fleri Bakan\u0131 Sergey Lavrov&#8217;un 4 Temmuz&#8217;da Ermenistan&#8217;da d\u00fczenlenecek Kolektif G\u00fcvenlik Anla\u015fmas\u0131 \u00d6rg\u00fct\u00fc (KGA\u00d6) D\u0131\u015fi\u015fleri Bakanlar\u0131 Konseyi toplant\u0131s\u0131na kat\u0131laca\u011f\u0131n\u0131 da s\u00f6yledi. Zakharova, bakanlar\u0131n g\u00fcndeminde uluslararas\u0131 ve b\u00f6lgesel g\u00fcvenlik sorunlar\u0131 ile uluslararas\u0131 arenada i\u015fbirli\u011fi konular\u0131n\u0131n olaca\u011f\u0131n\u0131 kaydetti.<\/p>\n<p>Ankara ile Moskova aras\u0131ndaki ili\u015fkiler konusunda ise Zakharova, T\u00fcrkiye&#8217;nin \u00f6z\u00fcr dileyerek &#8216;do\u011fru y\u00f6nde ciddi bir ad\u0131m&#8217; att\u0131\u011f\u0131n\u0131 s\u00f6yledi. Zaharova, Rusya D\u0131\u015fi\u015fleri Bakan\u0131 Lavrov&#8217;un Erdo\u011fan rejiminin D\u0131\u015fi\u015fleri Bakan\u0131 Mevl\u00fct \u00c7avu\u015fo\u011flu ile 1 Temmuz&#8217;da So\u00e7i&#8217;de g\u00f6r\u00fc\u015fme yapmas\u0131n\u0131n hen\u00fcz kesin olmad\u0131\u011f\u0131n\u0131 ifade etti. Zaharova, Karadeniz Ekonomik \u0130\u015fbirli\u011fi (KE\u0130) \u00d6rg\u00fct\u00fc&#8217;n\u00fcn toplant\u0131s\u0131 \u00e7er\u00e7evesinde bir araya gelebilme ihtimali olan Lavrov ve \u00c7avu\u015fo\u011flu&#8217;nun ikili g\u00f6r\u00fc\u015fmesiyle ilgili \u00e7al\u0131\u015fmalar\u0131n devam etti\u011fini belirtti.<\/p>\n","protected":false},"excerpt":{"rendered":"<p>MOSKOVA \u2013 Rusya D\u0131\u015fi\u015fleri Bakanl\u0131\u011f\u0131 S\u00f6zc\u00fcs\u00fc Mariya Zaharova Kaide \u00d6rg\u00fct\u00fcn\u00fcn Suriye kolu olan ve T\u00fcrkiye rejimi taraf\u0131ndan desteklenen Nusra Cephesinin Ramazan ay\u0131nda sivillere kar\u015f\u0131 ter\u00f6r sald\u0131r\u0131lar\u0131n\u0131 ciddi bir \u015fekilde t\u0131rmand\u0131rd\u0131\u011f\u0131n\u0131 belirtti. Zakharova bug\u00fcn d\u00fczenledi\u011fi haftal\u0131k bas\u0131n toplant\u0131s\u0131nda; Suriye&#8217;de insani durumlar\u0131n siyasi ticaretini yapan kimi taraflar\u0131n bizzat kendileri taraf\u0131ndan uygulanan ekonomik yapt\u0131r\u0131mlar\u0131n, bu insani durumlar\u0131 daha &hellip;<\/p>\n","protected":false},"author":1,"featured_media":77972,"comment_status":"closed","ping_status":"closed","sticky":false,"template":"","format":"standard","meta":{"footnotes":""},"categories":[458,459,17988],"tags":[22114,22113],"class_list":["post-77970","post","type-post","status-publish","format-standard","has-post-thumbnail","","category-dunya1","category-haberler-arap-uluslararasi-politika","category-son-haberler","tag-rusya-disisleri-bakanligi-sozcusu-mariya-zaharova","tag-yaptirimlar-insani-durumlari-daha-da-kotulestiriyor"],"_links":{"self":[{"href":"https:\/\/archive.sana.sy\/tr\/index.php?rest_route=\/wp\/v2\/posts\/77970","targetHints":{"allow":["GET"]}}],"collection":[{"href":"https:\/\/archive.sana.sy\/tr\/index.php?rest_route=\/wp\/v2\/posts"}],"about":[{"href":"https:\/\/archive.sana.sy\/tr\/index.php?rest_route=\/wp\/v2\/types\/post"}],"author":[{"embeddable":true,"href":"https:\/\/archive.sana.sy\/tr\/index.php?rest_route=\/wp\/v2\/users\/1"}],"replies":[{"embeddable":true,"href":"https:\/\/archive.sana.sy\/tr\/index.php?rest_route=%2Fwp%2Fv2%2Fcomments&post=77970"}],"version-history":[{"count":0,"href":"https:\/\/archive.sana.sy\/tr\/index.php?rest_route=\/wp\/v2\/posts\/77970\/revisions"}],"wp:featuredmedia":[{"embeddable":true,"href":"https:\/\/archive.sana.sy\/tr\/index.php?rest_route=\/wp\/v2\/media\/77972"}],"wp:attachment":[{"href":"https:\/\/archive.sana.sy\/tr\/index.php?rest_route=%2Fwp%2Fv2%2Fmedia&parent=77970"}],"wp:term":[{"taxonomy":"category","embeddable":true,"href":"https:\/\/archive.sana.sy\/tr\/index.php?rest_route=%2Fwp%2Fv2%2Fcategories&post=77970"},{"taxonomy":"post_tag","embeddable":true,"href":"https:\/\/archive.sana.sy\/tr\/index.php?rest_route=%2Fwp%2Fv2%2Ftags&post=77970"}],"curies":[{"name":"wp","href":"https:\/\/api.w.org\/{rel}","templated":true}]}}