{"id":77981,"date":"2016-06-28T11:25:45","date_gmt":"2016-06-28T08:25:45","guid":{"rendered":"http:\/\/www.sana.sy\/tr\/?p=77981"},"modified":"2016-06-29T12:17:44","modified_gmt":"2016-06-29T09:17:44","slug":"vizyonumuzun-dogrulugunu-kanitladi","status":"publish","type":"post","link":"https:\/\/archive.sana.sy\/tr\/?p=77981","title":{"rendered":"Vizyonumuzun Do\u011frulu\u011funu Kan\u0131tlad\u0131"},"content":{"rendered":"<p>MOSKOVA \u2013 Rusya Ba\u015fkan\u0131 Vladimir Putin; Rusya&#8217;n\u0131n Suriye&#8217;de ter\u00f6re kar\u015f\u0131 operasyonlar\u0131n\u0131n, ordunun modernize edilmesi konusundaki vizyonunun do\u011frulu\u011funu kan\u0131tlad\u0131\u011f\u0131n\u0131 belirtti.<\/p>\n<p>Y\u00fcksek askeri akademilerden mezun olanlar i\u00e7in d\u00fczenlenen t\u00f6rende konu\u015fan Putin, \u00e7a\u011fda\u015f bir ordunun Rusya&#8217;ya y\u00f6nelik bask\u0131 \u00e7abalar\u0131na kar\u015f\u0131 gayet \u00f6nemli bir fakt\u00f6r oldu\u011funu vurgulad\u0131.<\/p>\n","protected":false},"excerpt":{"rendered":"<p>MOSKOVA \u2013 Rusya Ba\u015fkan\u0131 Vladimir Putin; Rusya&#8217;n\u0131n Suriye&#8217;de ter\u00f6re kar\u015f\u0131 operasyonlar\u0131n\u0131n, ordunun modernize edilmesi konusundaki vizyonunun do\u011frulu\u011funu kan\u0131tlad\u0131\u011f\u0131n\u0131 belirtti. Y\u00fcksek askeri akademilerden mezun olanlar i\u00e7in d\u00fczenlenen t\u00f6rende konu\u015fan Putin, \u00e7a\u011fda\u015f bir ordunun Rusya&#8217;ya y\u00f6nelik bask\u0131 \u00e7abalar\u0131na kar\u015f\u0131 gayet \u00f6nemli bir fakt\u00f6r oldu\u011funu vurgulad\u0131.<\/p>\n","protected":false},"author":1,"featured_media":57973,"comment_status":"closed","ping_status":"closed","sticky":false,"template":"","format":"standard","meta":{"footnotes":""},"categories":[458,459,17988],"tags":[16904,22116],"class_list":["post-77981","post","type-post","status-publish","format-standard","has-post-thumbnail","","category-dunya1","category-haberler-arap-uluslararasi-politika","category-son-haberler","tag-rusya-baskani-vladimir-putin","tag-vizyonumuzun-dogrulugunu-kanitladi"],"_links":{"self":[{"href":"https:\/\/archive.sana.sy\/tr\/index.php?rest_route=\/wp\/v2\/posts\/77981","targetHints":{"allow":["GET"]}}],"collection":[{"href":"https:\/\/archive.sana.sy\/tr\/index.php?rest_route=\/wp\/v2\/posts"}],"about":[{"href":"https:\/\/archive.sana.sy\/tr\/index.php?rest_route=\/wp\/v2\/types\/post"}],"author":[{"embeddable":true,"href":"https:\/\/archive.sana.sy\/tr\/index.php?rest_route=\/wp\/v2\/users\/1"}],"replies":[{"embeddable":true,"href":"https:\/\/archive.sana.sy\/tr\/index.php?rest_route=%2Fwp%2Fv2%2Fcomments&post=77981"}],"version-history":[{"count":0,"href":"https:\/\/archive.sana.sy\/tr\/index.php?rest_route=\/wp\/v2\/posts\/77981\/revisions"}],"wp:featuredmedia":[{"embeddable":true,"href":"https:\/\/archive.sana.sy\/tr\/index.php?rest_route=\/wp\/v2\/media\/57973"}],"wp:attachment":[{"href":"https:\/\/archive.sana.sy\/tr\/index.php?rest_route=%2Fwp%2Fv2%2Fmedia&parent=77981"}],"wp:term":[{"taxonomy":"category","embeddable":true,"href":"https:\/\/archive.sana.sy\/tr\/index.php?rest_route=%2Fwp%2Fv2%2Fcategories&post=77981"},{"taxonomy":"post_tag","embeddable":true,"href":"https:\/\/archive.sana.sy\/tr\/index.php?rest_route=%2Fwp%2Fv2%2Ftags&post=77981"}],"curies":[{"name":"wp","href":"https:\/\/api.w.org\/{rel}","templated":true}]}}