{"id":77984,"date":"2016-06-28T16:21:39","date_gmt":"2016-06-28T13:21:39","guid":{"rendered":"http:\/\/www.sana.sy\/tr\/?p=77984"},"modified":"2016-06-29T17:25:54","modified_gmt":"2016-06-29T14:25:54","slug":"vatan-topraklarinin-her-karisini-terorden-temizleme-kararliligindalar-2","status":"publish","type":"post","link":"https:\/\/archive.sana.sy\/tr\/?p=77984","title":{"rendered":"Vatan Topraklar\u0131n\u0131n Her Kar\u0131\u015f\u0131n\u0131 Ter\u00f6rden Temizleme Kararl\u0131l\u0131\u011f\u0131ndalar (video)"},"content":{"rendered":"<p>\u0130LLER \u2013 Ordu birliklerimiz vatan topraklar\u0131n\u0131n her kar\u0131\u015f topra\u011f\u0131n\u0131 \u00e7okuluslu tekfirci ter\u00f6ristlerden temizleme ve vatan hainlerine hakkettikleri cezay\u0131 verme kararl\u0131l\u0131\u011f\u0131yla bug\u00fcn operasyonlar\u0131n\u0131 muhtelif b\u00f6lgelerde amans\u0131z s\u00fcrd\u00fcrd\u00fc.<\/p>\n<p><span style=\"color: #0000ff\">DERA:<\/span><\/p>\n<p>SANA\u2019ya a\u00e7\u0131klamas\u0131nda askeri bir kaynak ordu birliklerimizin Dera \u2013 Tafas ekseninde \u0130srail destekli Kaide \u00d6rg\u00fct\u00fcn\u00fcn Suriye kolu Nusra Cephesinden bir ter\u00f6r grubuna s\u0131k\u0131 bir pusu kurarak grup elemanlar\u0131n\u0131n t\u00fcm\u00fcn\u00fc ekipmanlar\u0131yla birlikte etkisizle\u015ftirdiklerini belirtti.<\/p>\n<p><span style=\"color: #0000ff\">DEYREZZOR:<\/span><\/p>\n<p>Bu arada saha kaynaklar\u0131; ordu birliklerimizin Deyrezzor Kentinin g\u00fcneyi Serda Da\u011f\u0131 civar\u0131nda askeri noktalara sald\u0131rmaya \u00e7al\u0131\u015fan I\u015e\u0130D\u2019li gruplarla \u015fiddetli \u00e7at\u0131\u015fmalara girdiklerini ifade etti. Kaynaklar; \u00e7at\u0131\u015fmalarda \u00e7ok say\u0131da ter\u00f6ristin \u00f6l\u00fc ve yaral\u0131 d\u00fc\u015f\u00fcr\u00fcl\u00fcp sa\u011f kalan ter\u00f6ristlerin arkalar\u0131nda arkada\u015flar\u0131n\u0131n cesetlerini b\u0131rakarak ka\u00e7maya zorland\u0131klar\u0131n\u0131 ifade etti.<\/p>\n<p>Kaynaklar buna e\u015f zamanl\u0131 olarak Serda Da\u011f\u0131 civar\u0131nda I\u015e\u0130D\u2019in toplanma yerleri ve hareketlenmelerini de yo\u011fun ate\u015fe tutan ordu birliklerimizin; tekfircilerin saflar\u0131nda yine b\u00fcy\u00fck kay\u0131plara yol a\u00e7t\u0131klar\u0131n\u0131 s\u00f6zlerine ekledi.<\/p>\n<p><span style=\"color: #0000ff\">LAZK\u0130YE:<\/span><\/p>\n<p>Askeri bir kaynak SANA\u2019ya a\u00e7\u0131klamas\u0131nda ordu birliklerimizin Halk Savunma G\u00fc\u00e7leriyle i\u015fbirli\u011fi i\u00e7inde Lazkiye k\u0131rsal\u0131n\u0131n kuzeyinde T\u00fcrkiye\u2019de Erdo\u011fan rejimi ve daha ba\u015fka taraflardan her t\u00fcrl\u00fc deste\u011fi al\u0131p y\u00f6nlendirilen ter\u00f6ristlerin Nah\u015febba B\u00f6lgesinde bir k\u0131s\u0131m askeri noktalara sald\u0131r\u0131lar\u0131n\u0131 ba\u015far\u0131yla \u00e7\u00f6kerttiklerini belirtti.<\/p>\n<p>Kaynak \u00e7at\u0131\u015fmalarda bir k\u0131sm\u0131 yabanc\u0131, bir k\u0131sm\u0131 da bariz eleba\u015flar\u0131ndan say\u0131lan onlarca ter\u00f6ristin \u00f6l\u00fc, y\u00fcksek say\u0131da ter\u00f6ristin de yaral\u0131 d\u00fc\u015f\u00fcr\u00fcld\u00fc\u011f\u00fcn\u00fc belirtirken, ara\u00e7 ve cephane a\u00e7\u0131s\u0131ndan da b\u00fcy\u00fck kay\u0131plara u\u011frat\u0131ld\u0131klar\u0131n\u0131 vurgulad\u0131.<\/p>\n<p>Bu arada ter\u00f6r \u00e7eteleri medya ara\u00e7lar\u0131nda Nusra Cephesinin Lazkiye k\u0131rsal\u0131n\u0131n kuzeyinde bariz komutanlar\u0131ndan \u2018Ebu Hacer el Benni\u015fi\u2019 lakab\u0131yla bilinen ter\u00f6r komutan\u0131n\u0131n yan\u0131 s\u0131ra tekfircilerin askeri sorumlusu Adem el \u015ei\u015fani\u2019nin aralar\u0131nda bulundu\u011fu bir\u00e7ok ter\u00f6ristin \u00f6ld\u00fcr\u00fcld\u00fc\u011f\u00fcn\u00fc itiraf etti.<\/p>\n<p><span style=\"color: #0000ff\">\u015eAM KIRSALI:<\/span><\/p>\n<p>Askeri bir kaynak ordu birliklerimizin halk savunma g\u00fc\u00e7leriyle i\u015fbirli\u011fi i\u00e7inde \u015eam k\u0131rsal\u0131 Do\u011fu \u011euta\u2019n\u0131n Bala \u2013 Cisrin ekseninde aralar\u0131nda saha komutanlar\u0131n\u0131n bulundu\u011fu \u00e7ok say\u0131da ter\u00f6risti siper ve cephaneleriyle birlikte etkisizle\u015ftirmeleri ard\u0131ndan b\u00f6lgede kontrolleri alt\u0131ndaki b\u00f6lgeleri geni\u015flettiklerini belirtti.<\/p>\n<p>Kaynak kontrole al\u0131nan b\u00f6lgede yap\u0131lan arama tarama operasyonlar\u0131nda ter\u00f6ristlerin yerle\u015ftirdikleri \u00e7ok say\u0131da bomba d\u00fczene\u011finin etkisizle\u015ftirildi\u011fini ifade etti. Ter\u00f6ristlerin Cisrin tar\u0131m arazileri alt\u0131nda b\u00fcy\u00fck bir t\u00fcnel \u015febekesi a\u00e7t\u0131klar\u0131na dikkat \u00e7eken kaynak, t\u00fcnellerin bir k\u0131sm\u0131n\u0131n yerin derinliklerinde kollara ayr\u0131ld\u0131klar\u0131n\u0131 ekledi. Kaynak b\u00f6lgede ter\u00f6ristlerin \u00f6nemli bir operasyon odas\u0131n\u0131n da bulunmas\u0131yla g\u00fc\u00e7l\u00fc siper ve barikatlarla korunmu\u015f oldu\u011funu ifade etti.<\/p>\n<p>Ayn\u0131 kaynak nitelikli operasyon sonucunda kontrole al\u0131nan b\u00f6lgede ter\u00f6ristlere ait cephane, bomba d\u00fczenekleri ve muhtelif t\u00fcr dok\u00fcmanlar ele ge\u00e7irildi\u011fini de belirtti.<\/p>\n<p>&nbsp;<\/p>\n<p>https:\/\/www.youtube.com\/watch?v=bzsgQB_Xm3k<\/p>\n","protected":false},"excerpt":{"rendered":"<p>\u0130LLER \u2013 Ordu birliklerimiz vatan topraklar\u0131n\u0131n her kar\u0131\u015f topra\u011f\u0131n\u0131 \u00e7okuluslu tekfirci ter\u00f6ristlerden temizleme ve vatan hainlerine hakkettikleri cezay\u0131 verme kararl\u0131l\u0131\u011f\u0131yla bug\u00fcn operasyonlar\u0131n\u0131 muhtelif b\u00f6lgelerde amans\u0131z s\u00fcrd\u00fcrd\u00fc. DERA: SANA\u2019ya a\u00e7\u0131klamas\u0131nda askeri bir kaynak ordu birliklerimizin Dera \u2013 Tafas ekseninde \u0130srail destekli Kaide \u00d6rg\u00fct\u00fcn\u00fcn Suriye kolu Nusra Cephesinden bir ter\u00f6r grubuna s\u0131k\u0131 bir pusu kurarak grup elemanlar\u0131n\u0131n &hellip;<\/p>\n","protected":false},"author":1,"featured_media":77985,"comment_status":"closed","ping_status":"closed","sticky":false,"template":"","format":"standard","meta":{"footnotes":""},"categories":[575,17988],"tags":[22117,22118,17531],"class_list":["post-77984","post","type-post","status-publish","format-standard","has-post-thumbnail","","category-olaylar-ve-gercekler","category-son-haberler","tag-dera-tafas-ekseninde-israil-destekli-kaide-orgutunun-suriye-kolu-nusra-cephesi","tag-deyrezzor-kentinin-guneyi-serda-dagi-civari","tag-vatan-topraklarinin-her-karisini-terorden-temizleme-kararliligindalar"],"_links":{"self":[{"href":"https:\/\/archive.sana.sy\/tr\/index.php?rest_route=\/wp\/v2\/posts\/77984","targetHints":{"allow":["GET"]}}],"collection":[{"href":"https:\/\/archive.sana.sy\/tr\/index.php?rest_route=\/wp\/v2\/posts"}],"about":[{"href":"https:\/\/archive.sana.sy\/tr\/index.php?rest_route=\/wp\/v2\/types\/post"}],"author":[{"embeddable":true,"href":"https:\/\/archive.sana.sy\/tr\/index.php?rest_route=\/wp\/v2\/users\/1"}],"replies":[{"embeddable":true,"href":"https:\/\/archive.sana.sy\/tr\/index.php?rest_route=%2Fwp%2Fv2%2Fcomments&post=77984"}],"version-history":[{"count":0,"href":"https:\/\/archive.sana.sy\/tr\/index.php?rest_route=\/wp\/v2\/posts\/77984\/revisions"}],"wp:featuredmedia":[{"embeddable":true,"href":"https:\/\/archive.sana.sy\/tr\/index.php?rest_route=\/wp\/v2\/media\/77985"}],"wp:attachment":[{"href":"https:\/\/archive.sana.sy\/tr\/index.php?rest_route=%2Fwp%2Fv2%2Fmedia&parent=77984"}],"wp:term":[{"taxonomy":"category","embeddable":true,"href":"https:\/\/archive.sana.sy\/tr\/index.php?rest_route=%2Fwp%2Fv2%2Fcategories&post=77984"},{"taxonomy":"post_tag","embeddable":true,"href":"https:\/\/archive.sana.sy\/tr\/index.php?rest_route=%2Fwp%2Fv2%2Ftags&post=77984"}],"curies":[{"name":"wp","href":"https:\/\/api.w.org\/{rel}","templated":true}]}}