{"id":78002,"date":"2016-06-28T20:39:24","date_gmt":"2016-06-28T17:39:24","guid":{"rendered":"http:\/\/www.sana.sy\/tr\/?p=78002"},"modified":"2016-06-28T20:39:24","modified_gmt":"2016-06-28T17:39:24","slug":"sanaya-aciklama-yapan-askeri-bir-kaynak-ordu-birliklerimizin-sam-kirsali-dogu-gutanin-bala-cisrin-ekseninde-aralarinda-saha-komutanlarinin-bulundugu-cok-sayida-teroristi-si","status":"publish","type":"post","link":"https:\/\/archive.sana.sy\/tr\/?p=78002","title":{"rendered":"SANA\u2019ya a\u00e7\u0131klama yapan askeri bir kaynak ordu birliklerimizin \u015eam k\u0131rsal\u0131 Do\u011fu \u011euta\u2019n\u0131n Bala \u2013 Cisrin ekseninde aralar\u0131nda saha komutanlar\u0131n\u0131n bulundu\u011fu \u00e7ok say\u0131da ter\u00f6risti siper ve cephaneleriyle birlikte etkisizle\u015ftirmeleri ard\u0131ndan b\u00f6lgede kontrolleri alt\u0131ndaki b\u00f6lgeleri geni\u015flettiklerini belirtti"},"content":{"rendered":"<p>SANA\u2019ya a\u00e7\u0131klama yapan askeri bir kaynak ordu birliklerimizin \u015eam k\u0131rsal\u0131 Do\u011fu \u011euta\u2019n\u0131n Bala \u2013 Cisrin ekseninde aralar\u0131nda saha komutanlar\u0131n\u0131n bulundu\u011fu \u00e7ok say\u0131da ter\u00f6risti siper ve cephaneleriyle birlikte etkisizle\u015ftirmeleri ard\u0131ndan b\u00f6lgede kontrolleri alt\u0131ndaki b\u00f6lgeleri geni\u015flettiklerini belirtti<\/p>\n","protected":false},"excerpt":{"rendered":"<p>SANA\u2019ya a\u00e7\u0131klama yapan askeri bir kaynak ordu birliklerimizin \u015eam k\u0131rsal\u0131 Do\u011fu \u011euta\u2019n\u0131n Bala \u2013 Cisrin ekseninde aralar\u0131nda saha komutanlar\u0131n\u0131n bulundu\u011fu \u00e7ok say\u0131da ter\u00f6risti siper ve cephaneleriyle birlikte etkisizle\u015ftirmeleri ard\u0131ndan b\u00f6lgede kontrolleri alt\u0131ndaki b\u00f6lgeleri geni\u015flettiklerini belirtti<\/p>\n","protected":false},"author":1,"featured_media":0,"comment_status":"closed","ping_status":"closed","sticky":false,"template":"","format":"standard","meta":{"footnotes":""},"categories":[17991],"tags":[],"class_list":["post-78002","post","type-post","status-publish","format-standard","","category-son-dakika"],"_links":{"self":[{"href":"https:\/\/archive.sana.sy\/tr\/index.php?rest_route=\/wp\/v2\/posts\/78002","targetHints":{"allow":["GET"]}}],"collection":[{"href":"https:\/\/archive.sana.sy\/tr\/index.php?rest_route=\/wp\/v2\/posts"}],"about":[{"href":"https:\/\/archive.sana.sy\/tr\/index.php?rest_route=\/wp\/v2\/types\/post"}],"author":[{"embeddable":true,"href":"https:\/\/archive.sana.sy\/tr\/index.php?rest_route=\/wp\/v2\/users\/1"}],"replies":[{"embeddable":true,"href":"https:\/\/archive.sana.sy\/tr\/index.php?rest_route=%2Fwp%2Fv2%2Fcomments&post=78002"}],"version-history":[{"count":0,"href":"https:\/\/archive.sana.sy\/tr\/index.php?rest_route=\/wp\/v2\/posts\/78002\/revisions"}],"wp:attachment":[{"href":"https:\/\/archive.sana.sy\/tr\/index.php?rest_route=%2Fwp%2Fv2%2Fmedia&parent=78002"}],"wp:term":[{"taxonomy":"category","embeddable":true,"href":"https:\/\/archive.sana.sy\/tr\/index.php?rest_route=%2Fwp%2Fv2%2Fcategories&post=78002"},{"taxonomy":"post_tag","embeddable":true,"href":"https:\/\/archive.sana.sy\/tr\/index.php?rest_route=%2Fwp%2Fv2%2Ftags&post=78002"}],"curies":[{"name":"wp","href":"https:\/\/api.w.org\/{rel}","templated":true}]}}