{"id":78012,"date":"2016-06-29T10:47:45","date_gmt":"2016-06-29T07:47:45","guid":{"rendered":"http:\/\/www.sana.sy\/tr\/?p=78012"},"modified":"2016-06-30T11:12:08","modified_gmt":"2016-06-30T08:12:08","slug":"kimsesiz-cocuklar-icin-iftar-yemekleri-duzenlendivideo","status":"publish","type":"post","link":"https:\/\/archive.sana.sy\/tr\/?p=78012","title":{"rendered":"Kimsesiz \u00c7ocuklar \u0130\u00e7in \u0130ftar Yemekleri D\u00fczenlendi(video)"},"content":{"rendered":"<p>\u015eAM \u2013 Sosyal \u0130\u015fler Bakanl\u0131\u011f\u0131, hay\u0131r ve dayan\u0131\u015fma de\u011ferlerini b\u00fcy\u00fctmek amac\u0131yla d\u00fcn bir\u00e7ok ayd\u0131n, sivil toplum aktivisti ve sanat\u00e7\u0131n\u0131n kat\u0131l\u0131m\u0131yla Mezze semtinde bulunan Gen\u00e7lik Merkezinde kimsesiz \u00e7ocuklar i\u00e7in iftar yeme\u011fi d\u00fczenledi.<\/p>\n<p>Baz\u0131 \u00e7ocuklar\u0131n M\u00fcbarek Ramazan ay\u0131n\u0131n anlam ve \u00f6nemini ifade eden sanatsal sunumlar\u0131yapt\u0131klar\u0131 iftar yeme\u011fi organizasyonunda ayr\u0131ca ilk \u00f6\u011fretim diplomalar\u0131nda \u00fcst\u00fcn ba\u015far\u0131 sa\u011flayan 30 \u00f6\u011frenciye onur plaketi verildi.<\/p>\n<p>Ge\u00e7ici H\u00fck\u00fcmette Sosyal \u0130\u015fler Bakan\u0131 Rima Kadiri gazetecilere yapt\u0131\u011f\u0131 a\u00e7\u0131klamada bu t\u00fcr organizasyonlar\u0131n \u00e7ocuklar\u0131n umut ve gelece\u011fe g\u00fcven duygular\u0131n\u0131 peki\u015ftirdi\u011fine i\u015faret ederek bu organizasyonun hay\u0131rsever bir sanat\u00e7\u0131 taraf\u0131ndan ter\u00f6re kar\u015f\u0131 savunmay\u0131 peki\u015ftirmek amac\u0131yla sunuldu\u011funu belirtti.<\/p>\n<p>Sivil toplum \u00f6rg\u00fctlerin toplumsal ihtiya\u00e7lar\u0131n kar\u015f\u0131lanmas\u0131ndaki \u00f6nemine dikkat \u00e7eken Kadiri; ya\u015fanmakta olan kriz s\u00fcresince h\u00fck\u00fcmetin b\u00fct\u00fcn vatanda\u015flar\u0131n ihtiya\u00e7lar\u0131n\u0131 kar\u015f\u0131lamak i\u00e7in ola\u011fan \u00fcst\u00fc bir \u00e7aba harcad\u0131\u011f\u0131n\u0131 bununla birlikte sivil toplum \u00f6rg\u00fctlerinin bu alandaki rol\u00fcn\u00fc aktifle\u015ftirmek amac\u0131yla da ciddi olanaklar sa\u011flad\u0131\u011f\u0131n\u0131 belirtti.<\/p>\n<p>https:\/\/www.youtube.com\/watch?v=xV2TS2qR72Y<\/p>\n<p>&nbsp;<\/p>\n<div id='gallery-1' class='gallery galleryid-78012 gallery-columns-2 gallery-size-medium'><figure class='gallery-item'>\n\t\t\t<div class='gallery-icon landscape'>\n\t\t\t\t<a href='https:\/\/archive.sana.sy\/tr\/wp-content\/uploads\/2016\/06\/6-27.jpg'><img loading=\"lazy\" decoding=\"async\" width=\"300\" height=\"194\" src=\"https:\/\/archive.sana.sy\/tr\/wp-content\/uploads\/2016\/06\/6-27-300x194.jpg\" class=\"attachment-medium size-medium\" alt=\"\" srcset=\"https:\/\/archive.sana.sy\/tr\/wp-content\/uploads\/2016\/06\/6-27-300x194.jpg 300w, https:\/\/archive.sana.sy\/tr\/wp-content\/uploads\/2016\/06\/6-27-150x97.jpg 150w, https:\/\/archive.sana.sy\/tr\/wp-content\/uploads\/2016\/06\/6-27-768x497.jpg 768w, https:\/\/archive.sana.sy\/tr\/wp-content\/uploads\/2016\/06\/6-27-1024x662.jpg 1024w\" sizes=\"auto, (max-width: 300px) 100vw, 300px\" \/><\/a>\n\t\t\t<\/div><\/figure><figure class='gallery-item'>\n\t\t\t<div class='gallery-icon landscape'>\n\t\t\t\t<a href='https:\/\/archive.sana.sy\/tr\/wp-content\/uploads\/2016\/06\/7-18.jpg'><img loading=\"lazy\" decoding=\"async\" width=\"300\" height=\"200\" src=\"https:\/\/archive.sana.sy\/tr\/wp-content\/uploads\/2016\/06\/7-18-300x200.jpg\" class=\"attachment-medium size-medium\" alt=\"\" srcset=\"https:\/\/archive.sana.sy\/tr\/wp-content\/uploads\/2016\/06\/7-18-300x200.jpg 300w, https:\/\/archive.sana.sy\/tr\/wp-content\/uploads\/2016\/06\/7-18-150x100.jpg 150w, https:\/\/archive.sana.sy\/tr\/wp-content\/uploads\/2016\/06\/7-18-768x512.jpg 768w, https:\/\/archive.sana.sy\/tr\/wp-content\/uploads\/2016\/06\/7-18-1024x683.jpg 1024w\" sizes=\"auto, (max-width: 300px) 100vw, 300px\" \/><\/a>\n\t\t\t<\/div><\/figure><figure class='gallery-item'>\n\t\t\t<div class='gallery-icon landscape'>\n\t\t\t\t<a href='https:\/\/archive.sana.sy\/tr\/wp-content\/uploads\/2016\/06\/8-12.jpg'><img loading=\"lazy\" decoding=\"async\" width=\"300\" height=\"200\" src=\"https:\/\/archive.sana.sy\/tr\/wp-content\/uploads\/2016\/06\/8-12-300x200.jpg\" class=\"attachment-medium size-medium\" alt=\"\" srcset=\"https:\/\/archive.sana.sy\/tr\/wp-content\/uploads\/2016\/06\/8-12-300x200.jpg 300w, https:\/\/archive.sana.sy\/tr\/wp-content\/uploads\/2016\/06\/8-12-150x100.jpg 150w, https:\/\/archive.sana.sy\/tr\/wp-content\/uploads\/2016\/06\/8-12-768x512.jpg 768w, https:\/\/archive.sana.sy\/tr\/wp-content\/uploads\/2016\/06\/8-12-1024x683.jpg 1024w\" sizes=\"auto, (max-width: 300px) 100vw, 300px\" \/><\/a>\n\t\t\t<\/div><\/figure><figure class='gallery-item'>\n\t\t\t<div class='gallery-icon landscape'>\n\t\t\t\t<a href='https:\/\/archive.sana.sy\/tr\/wp-content\/uploads\/2016\/06\/9-7.jpg'><img loading=\"lazy\" decoding=\"async\" width=\"300\" height=\"200\" src=\"https:\/\/archive.sana.sy\/tr\/wp-content\/uploads\/2016\/06\/9-7-300x200.jpg\" class=\"attachment-medium size-medium\" alt=\"\" srcset=\"https:\/\/archive.sana.sy\/tr\/wp-content\/uploads\/2016\/06\/9-7-300x200.jpg 300w, https:\/\/archive.sana.sy\/tr\/wp-content\/uploads\/2016\/06\/9-7-150x100.jpg 150w, https:\/\/archive.sana.sy\/tr\/wp-content\/uploads\/2016\/06\/9-7-768x512.jpg 768w, https:\/\/archive.sana.sy\/tr\/wp-content\/uploads\/2016\/06\/9-7-1024x683.jpg 1024w\" sizes=\"auto, (max-width: 300px) 100vw, 300px\" \/><\/a>\n\t\t\t<\/div><\/figure><figure class='gallery-item'>\n\t\t\t<div class='gallery-icon landscape'>\n\t\t\t\t<a href='https:\/\/archive.sana.sy\/tr\/wp-content\/uploads\/2016\/06\/10-5.jpg'><img loading=\"lazy\" decoding=\"async\" width=\"300\" height=\"194\" src=\"https:\/\/archive.sana.sy\/tr\/wp-content\/uploads\/2016\/06\/10-5-300x194.jpg\" class=\"attachment-medium size-medium\" alt=\"\" srcset=\"https:\/\/archive.sana.sy\/tr\/wp-content\/uploads\/2016\/06\/10-5-300x194.jpg 300w, https:\/\/archive.sana.sy\/tr\/wp-content\/uploads\/2016\/06\/10-5-150x97.jpg 150w, https:\/\/archive.sana.sy\/tr\/wp-content\/uploads\/2016\/06\/10-5-768x497.jpg 768w, https:\/\/archive.sana.sy\/tr\/wp-content\/uploads\/2016\/06\/10-5-1024x663.jpg 1024w\" sizes=\"auto, (max-width: 300px) 100vw, 300px\" \/><\/a>\n\t\t\t<\/div><\/figure><figure class='gallery-item'>\n\t\t\t<div class='gallery-icon landscape'>\n\t\t\t\t<a href='https:\/\/archive.sana.sy\/tr\/wp-content\/uploads\/2016\/06\/11-6.jpg'><img loading=\"lazy\" decoding=\"async\" width=\"300\" height=\"194\" src=\"https:\/\/archive.sana.sy\/tr\/wp-content\/uploads\/2016\/06\/11-6-300x194.jpg\" class=\"attachment-medium size-medium\" alt=\"\" srcset=\"https:\/\/archive.sana.sy\/tr\/wp-content\/uploads\/2016\/06\/11-6-300x194.jpg 300w, https:\/\/archive.sana.sy\/tr\/wp-content\/uploads\/2016\/06\/11-6-150x97.jpg 150w, https:\/\/archive.sana.sy\/tr\/wp-content\/uploads\/2016\/06\/11-6-768x496.jpg 768w, https:\/\/archive.sana.sy\/tr\/wp-content\/uploads\/2016\/06\/11-6-1024x661.jpg 1024w\" sizes=\"auto, (max-width: 300px) 100vw, 300px\" \/><\/a>\n\t\t\t<\/div><\/figure><figure class='gallery-item'>\n\t\t\t<div class='gallery-icon landscape'>\n\t\t\t\t<a href='https:\/\/archive.sana.sy\/tr\/wp-content\/uploads\/2016\/06\/1-80.jpg'><img loading=\"lazy\" decoding=\"async\" width=\"300\" height=\"186\" src=\"https:\/\/archive.sana.sy\/tr\/wp-content\/uploads\/2016\/06\/1-80-300x186.jpg\" class=\"attachment-medium size-medium\" alt=\"\" srcset=\"https:\/\/archive.sana.sy\/tr\/wp-content\/uploads\/2016\/06\/1-80-300x186.jpg 300w, https:\/\/archive.sana.sy\/tr\/wp-content\/uploads\/2016\/06\/1-80-150x93.jpg 150w, https:\/\/archive.sana.sy\/tr\/wp-content\/uploads\/2016\/06\/1-80-768x475.jpg 768w, https:\/\/archive.sana.sy\/tr\/wp-content\/uploads\/2016\/06\/1-80-1024x634.jpg 1024w\" sizes=\"auto, (max-width: 300px) 100vw, 300px\" \/><\/a>\n\t\t\t<\/div><\/figure><figure class='gallery-item'>\n\t\t\t<div class='gallery-icon landscape'>\n\t\t\t\t<a href='https:\/\/archive.sana.sy\/tr\/wp-content\/uploads\/2016\/06\/2-51.jpg'><img loading=\"lazy\" decoding=\"async\" width=\"300\" height=\"191\" src=\"https:\/\/archive.sana.sy\/tr\/wp-content\/uploads\/2016\/06\/2-51-300x191.jpg\" class=\"attachment-medium size-medium\" alt=\"\" srcset=\"https:\/\/archive.sana.sy\/tr\/wp-content\/uploads\/2016\/06\/2-51-300x191.jpg 300w, https:\/\/archive.sana.sy\/tr\/wp-content\/uploads\/2016\/06\/2-51-150x95.jpg 150w, https:\/\/archive.sana.sy\/tr\/wp-content\/uploads\/2016\/06\/2-51-768x488.jpg 768w, https:\/\/archive.sana.sy\/tr\/wp-content\/uploads\/2016\/06\/2-51-1024x650.jpg 1024w\" sizes=\"auto, (max-width: 300px) 100vw, 300px\" \/><\/a>\n\t\t\t<\/div><\/figure><figure class='gallery-item'>\n\t\t\t<div class='gallery-icon landscape'>\n\t\t\t\t<a href='https:\/\/archive.sana.sy\/tr\/wp-content\/uploads\/2016\/06\/3-48.jpg'><img loading=\"lazy\" decoding=\"async\" width=\"300\" height=\"200\" src=\"https:\/\/archive.sana.sy\/tr\/wp-content\/uploads\/2016\/06\/3-48-300x200.jpg\" class=\"attachment-medium size-medium\" alt=\"\" srcset=\"https:\/\/archive.sana.sy\/tr\/wp-content\/uploads\/2016\/06\/3-48-300x200.jpg 300w, https:\/\/archive.sana.sy\/tr\/wp-content\/uploads\/2016\/06\/3-48-150x100.jpg 150w, https:\/\/archive.sana.sy\/tr\/wp-content\/uploads\/2016\/06\/3-48-768x512.jpg 768w, https:\/\/archive.sana.sy\/tr\/wp-content\/uploads\/2016\/06\/3-48-1024x683.jpg 1024w\" sizes=\"auto, (max-width: 300px) 100vw, 300px\" \/><\/a>\n\t\t\t<\/div><\/figure><figure class='gallery-item'>\n\t\t\t<div class='gallery-icon landscape'>\n\t\t\t\t<a href='https:\/\/archive.sana.sy\/tr\/wp-content\/uploads\/2016\/06\/4-39.jpg'><img loading=\"lazy\" decoding=\"async\" width=\"300\" height=\"200\" src=\"https:\/\/archive.sana.sy\/tr\/wp-content\/uploads\/2016\/06\/4-39-300x200.jpg\" class=\"attachment-medium size-medium\" alt=\"\" srcset=\"https:\/\/archive.sana.sy\/tr\/wp-content\/uploads\/2016\/06\/4-39-300x200.jpg 300w, https:\/\/archive.sana.sy\/tr\/wp-content\/uploads\/2016\/06\/4-39-150x100.jpg 150w, https:\/\/archive.sana.sy\/tr\/wp-content\/uploads\/2016\/06\/4-39-768x512.jpg 768w, https:\/\/archive.sana.sy\/tr\/wp-content\/uploads\/2016\/06\/4-39-1024x683.jpg 1024w\" sizes=\"auto, (max-width: 300px) 100vw, 300px\" \/><\/a>\n\t\t\t<\/div><\/figure>\n\t\t<\/div>\n\n<p><span style=\"color: #0000ff\">Baas Partisi Kimsesiz \u00c7ocuklara \u0130ftar Yeme\u011fi Verdi<\/span><\/p>\n<p>Baas Partisi \u015eam \u00c7evre Kent Ofisi de bas\u0131 silvil toplum \u00f6rg\u00fctleri ile i\u015fbirli\u011fi i\u00e7erisinde \u015eam K\u0131rsal\u0131nda SaharaKomleksinde \u015fehit \u00e7ocuklar\u0131 ve kimsesiz \u00e7ocuklar i\u00e7in bir iftar yeme\u011fi d\u00fczenledi.<\/p>\n<p>Baas Partisi \u015eam \u00c7evre Kent Ofisi Sekreteri Hemmam Haydar, \u00fclkenin ya\u015famakta oldu\u011fu bu zor ko\u015fullarda hay\u0131r projeleri ve faaliyetlerinin daha b\u00fcy\u00fck bir \u00f6nem ve anlam kazand\u0131\u011f\u0131na i\u015faret ederek Suriye devletini birlik ve b\u00fct\u00fcnl\u00fck sembol\u00fc haline getiren ve bu misyonunu her ko\u015fulda s\u00fcrd\u00fcrmesine olanak sa\u011flayan \u015feyin Suriye halk\u0131n\u0131n dayan\u0131\u015fma ve hay\u0131rsever yap\u0131s\u0131 oldu\u011funu belirtti.<\/p>\n<p>https:\/\/youtu.be\/3bdSyfKeRDY<\/p>\n<p>F.B. &#8211; R.H.<\/p>\n","protected":false},"excerpt":{"rendered":"<p>\u015eAM \u2013 Sosyal \u0130\u015fler Bakanl\u0131\u011f\u0131, hay\u0131r ve dayan\u0131\u015fma de\u011ferlerini b\u00fcy\u00fctmek amac\u0131yla d\u00fcn bir\u00e7ok ayd\u0131n, sivil toplum aktivisti ve sanat\u00e7\u0131n\u0131n kat\u0131l\u0131m\u0131yla Mezze semtinde bulunan Gen\u00e7lik Merkezinde kimsesiz \u00e7ocuklar i\u00e7in iftar yeme\u011fi d\u00fczenledi. Baz\u0131 \u00e7ocuklar\u0131n M\u00fcbarek Ramazan ay\u0131n\u0131n anlam ve \u00f6nemini ifade eden sanatsal sunumlar\u0131yapt\u0131klar\u0131 iftar yeme\u011fi organizasyonunda ayr\u0131ca ilk \u00f6\u011fretim diplomalar\u0131nda \u00fcst\u00fcn ba\u015far\u0131 sa\u011flayan 30 \u00f6\u011frenciye &hellip;<\/p>\n","protected":false},"author":1,"featured_media":78013,"comment_status":"closed","ping_status":"closed","sticky":false,"template":"","format":"standard","meta":{"footnotes":""},"categories":[18295,17988],"tags":[22125],"class_list":["post-78012","post","type-post","status-publish","format-standard","has-post-thumbnail","","category-sana-video","category-son-haberler","tag-kimsesiz-cocuklar-icin-iftar-yemekleri-duzenlendi"],"_links":{"self":[{"href":"https:\/\/archive.sana.sy\/tr\/index.php?rest_route=\/wp\/v2\/posts\/78012","targetHints":{"allow":["GET"]}}],"collection":[{"href":"https:\/\/archive.sana.sy\/tr\/index.php?rest_route=\/wp\/v2\/posts"}],"about":[{"href":"https:\/\/archive.sana.sy\/tr\/index.php?rest_route=\/wp\/v2\/types\/post"}],"author":[{"embeddable":true,"href":"https:\/\/archive.sana.sy\/tr\/index.php?rest_route=\/wp\/v2\/users\/1"}],"replies":[{"embeddable":true,"href":"https:\/\/archive.sana.sy\/tr\/index.php?rest_route=%2Fwp%2Fv2%2Fcomments&post=78012"}],"version-history":[{"count":0,"href":"https:\/\/archive.sana.sy\/tr\/index.php?rest_route=\/wp\/v2\/posts\/78012\/revisions"}],"wp:featuredmedia":[{"embeddable":true,"href":"https:\/\/archive.sana.sy\/tr\/index.php?rest_route=\/wp\/v2\/media\/78013"}],"wp:attachment":[{"href":"https:\/\/archive.sana.sy\/tr\/index.php?rest_route=%2Fwp%2Fv2%2Fmedia&parent=78012"}],"wp:term":[{"taxonomy":"category","embeddable":true,"href":"https:\/\/archive.sana.sy\/tr\/index.php?rest_route=%2Fwp%2Fv2%2Fcategories&post=78012"},{"taxonomy":"post_tag","embeddable":true,"href":"https:\/\/archive.sana.sy\/tr\/index.php?rest_route=%2Fwp%2Fv2%2Ftags&post=78012"}],"curies":[{"name":"wp","href":"https:\/\/api.w.org\/{rel}","templated":true}]}}