{"id":78025,"date":"2016-06-29T10:51:36","date_gmt":"2016-06-29T07:51:36","guid":{"rendered":"http:\/\/www.sana.sy\/tr\/?p=78025"},"modified":"2016-06-30T11:13:15","modified_gmt":"2016-06-30T08:13:15","slug":"kuba-golanda-tek-cozum-yontemi-isgalin-cekilmesidir","status":"publish","type":"post","link":"https:\/\/archive.sana.sy\/tr\/?p=78025","title":{"rendered":"K\u00fcba: Golan\u2019da Tek \u00c7\u00f6z\u00fcm Y\u00f6ntemi \u0130\u015fgalin \u00c7ekilmesidir"},"content":{"rendered":"<p>CENEVRE \u2013 K\u00fcba, Suriye\u2019nin i\u015fgal alt\u0131ndaki topraklar\u0131 Golan\u2019da ya\u015fanmakta olan insani sorunlar\u0131n \u00e7\u00f6z\u00fcm\u00fcn\u00fcn tek y\u00f6nteminin G\u00fcvenlik Konseyinin bu konuyla ilgili ald\u0131\u011f\u0131 kararlar \u00e7er\u00e7evesinde i\u015fgalin sona ermesi ve i\u015fgal kuvvetlerinin oradan \u00e7ekilmesi oldu\u011funu ifade etti.<\/p>\n<p>K\u00fcba\u2019n\u0131n Cenevre\u2019de Uluslararas\u0131 \u00d6rg\u00fctlerde Daimi Temsilcisi AnayansaRodriguez, d\u00fcn BM \u0130nsan Haklar Komisyonu 22. D\u00f6nem Toplant\u0131s\u0131 oturumlar\u0131ndan birinde yapt\u0131\u011f\u0131 konu\u015fmada, Siyonist Olu\u015fumun Golan topraklar\u0131nda Suriyeli vatanda\u015flara kar\u015f\u0131 insan haklar\u0131 ihlallerini s\u00fcrd\u00fcrd\u00fc\u011f\u00fcne dikkat \u00e7ekti.<\/p>\n<p>\u0130nsan Haklar\u0131 Komisyonuna g\u00f6revlerini yerine getirme \u00e7a\u011fr\u0131s\u0131nda bulunan Rodriguez; \u0130srail i\u015fgal h\u00fck\u00fcmetinin uluslararas\u0131 \u00f6rg\u00fctlerin kararlar\u0131n\u0131 g\u00f6rmezden geldi\u011fini hat\u0131rlatt\u0131.<\/p>\n<p>F.B. &#8211; R.H.<\/p>\n","protected":false},"excerpt":{"rendered":"<p>CENEVRE \u2013 K\u00fcba, Suriye\u2019nin i\u015fgal alt\u0131ndaki topraklar\u0131 Golan\u2019da ya\u015fanmakta olan insani sorunlar\u0131n \u00e7\u00f6z\u00fcm\u00fcn\u00fcn tek y\u00f6nteminin G\u00fcvenlik Konseyinin bu konuyla ilgili ald\u0131\u011f\u0131 kararlar \u00e7er\u00e7evesinde i\u015fgalin sona ermesi ve i\u015fgal kuvvetlerinin oradan \u00e7ekilmesi oldu\u011funu ifade etti. K\u00fcba\u2019n\u0131n Cenevre\u2019de Uluslararas\u0131 \u00d6rg\u00fctlerde Daimi Temsilcisi AnayansaRodriguez, d\u00fcn BM \u0130nsan Haklar Komisyonu 22. D\u00f6nem Toplant\u0131s\u0131 oturumlar\u0131ndan birinde yapt\u0131\u011f\u0131 konu\u015fmada, Siyonist Olu\u015fumun &hellip;<\/p>\n","protected":false},"author":1,"featured_media":78026,"comment_status":"closed","ping_status":"closed","sticky":false,"template":"","format":"standard","meta":{"footnotes":""},"categories":[458,459,17988],"tags":[22126],"class_list":["post-78025","post","type-post","status-publish","format-standard","has-post-thumbnail","","category-dunya1","category-haberler-arap-uluslararasi-politika","category-son-haberler","tag-kuba-golanda-tek-cozum-yontemi-isgalin-cekilmesidir"],"_links":{"self":[{"href":"https:\/\/archive.sana.sy\/tr\/index.php?rest_route=\/wp\/v2\/posts\/78025","targetHints":{"allow":["GET"]}}],"collection":[{"href":"https:\/\/archive.sana.sy\/tr\/index.php?rest_route=\/wp\/v2\/posts"}],"about":[{"href":"https:\/\/archive.sana.sy\/tr\/index.php?rest_route=\/wp\/v2\/types\/post"}],"author":[{"embeddable":true,"href":"https:\/\/archive.sana.sy\/tr\/index.php?rest_route=\/wp\/v2\/users\/1"}],"replies":[{"embeddable":true,"href":"https:\/\/archive.sana.sy\/tr\/index.php?rest_route=%2Fwp%2Fv2%2Fcomments&post=78025"}],"version-history":[{"count":0,"href":"https:\/\/archive.sana.sy\/tr\/index.php?rest_route=\/wp\/v2\/posts\/78025\/revisions"}],"wp:featuredmedia":[{"embeddable":true,"href":"https:\/\/archive.sana.sy\/tr\/index.php?rest_route=\/wp\/v2\/media\/78026"}],"wp:attachment":[{"href":"https:\/\/archive.sana.sy\/tr\/index.php?rest_route=%2Fwp%2Fv2%2Fmedia&parent=78025"}],"wp:term":[{"taxonomy":"category","embeddable":true,"href":"https:\/\/archive.sana.sy\/tr\/index.php?rest_route=%2Fwp%2Fv2%2Fcategories&post=78025"},{"taxonomy":"post_tag","embeddable":true,"href":"https:\/\/archive.sana.sy\/tr\/index.php?rest_route=%2Fwp%2Fv2%2Ftags&post=78025"}],"curies":[{"name":"wp","href":"https:\/\/api.w.org\/{rel}","templated":true}]}}