{"id":78030,"date":"2016-06-29T13:17:10","date_gmt":"2016-06-29T10:17:10","guid":{"rendered":"http:\/\/www.sana.sy\/tr\/?p=78030"},"modified":"2016-06-29T13:17:10","modified_gmt":"2016-06-29T10:17:10","slug":"baas-partisi-kimsesiz-cocuklara-iftar-yemegi-verdi","status":"publish","type":"post","link":"https:\/\/archive.sana.sy\/tr\/?p=78030","title":{"rendered":"Baas Partisi Kimsesiz \u00c7ocuklara \u0130ftar Yeme\u011fi Verdi"},"content":{"rendered":"<p>Baas Partisi \u015eam \u00c7evre Kent Ofisi de baz\u0131 sivil toplum \u00f6rg\u00fctleri ile i\u015fbirli\u011fi i\u00e7erisinde \u015eam K\u0131rsal\u0131nda Sahara Kompleksinde \u015fehit \u00e7ocuklar\u0131 ve kimsesiz \u00e7ocuklar i\u00e7in bir iftar yeme\u011fi d\u00fczenledi<\/p>\n<p>https:\/\/youtu.be\/3bdSyfKeRDY<\/p>\n","protected":false},"excerpt":{"rendered":"<p>Baas Partisi \u015eam \u00c7evre Kent Ofisi de baz\u0131 sivil toplum \u00f6rg\u00fctleri ile i\u015fbirli\u011fi i\u00e7erisinde \u015eam K\u0131rsal\u0131nda Sahara Kompleksinde \u015fehit \u00e7ocuklar\u0131 ve kimsesiz \u00e7ocuklar i\u00e7in bir iftar yeme\u011fi d\u00fczenledi https:\/\/youtu.be\/3bdSyfKeRDY<\/p>\n","protected":false},"author":1,"featured_media":78031,"comment_status":"closed","ping_status":"closed","sticky":false,"template":"","format":"standard","meta":{"footnotes":""},"categories":[18295],"tags":[22127],"class_list":["post-78030","post","type-post","status-publish","format-standard","has-post-thumbnail","","category-sana-video","tag-baas-partisi-sam-cevre-kent-ofisi-de-bazi-sivil-toplum-orgutleri-ile-isbirligi-icerisinde-sam-kirsalinda-sahara-kompleksinde-sehit-cocuklari-ve-kimsesiz-cocuklar-icin-bir-iftar-yemegi-duzenledi"],"_links":{"self":[{"href":"https:\/\/archive.sana.sy\/tr\/index.php?rest_route=\/wp\/v2\/posts\/78030","targetHints":{"allow":["GET"]}}],"collection":[{"href":"https:\/\/archive.sana.sy\/tr\/index.php?rest_route=\/wp\/v2\/posts"}],"about":[{"href":"https:\/\/archive.sana.sy\/tr\/index.php?rest_route=\/wp\/v2\/types\/post"}],"author":[{"embeddable":true,"href":"https:\/\/archive.sana.sy\/tr\/index.php?rest_route=\/wp\/v2\/users\/1"}],"replies":[{"embeddable":true,"href":"https:\/\/archive.sana.sy\/tr\/index.php?rest_route=%2Fwp%2Fv2%2Fcomments&post=78030"}],"version-history":[{"count":0,"href":"https:\/\/archive.sana.sy\/tr\/index.php?rest_route=\/wp\/v2\/posts\/78030\/revisions"}],"wp:featuredmedia":[{"embeddable":true,"href":"https:\/\/archive.sana.sy\/tr\/index.php?rest_route=\/wp\/v2\/media\/78031"}],"wp:attachment":[{"href":"https:\/\/archive.sana.sy\/tr\/index.php?rest_route=%2Fwp%2Fv2%2Fmedia&parent=78030"}],"wp:term":[{"taxonomy":"category","embeddable":true,"href":"https:\/\/archive.sana.sy\/tr\/index.php?rest_route=%2Fwp%2Fv2%2Fcategories&post=78030"},{"taxonomy":"post_tag","embeddable":true,"href":"https:\/\/archive.sana.sy\/tr\/index.php?rest_route=%2Fwp%2Fv2%2Ftags&post=78030"}],"curies":[{"name":"wp","href":"https:\/\/api.w.org\/{rel}","templated":true}]}}