{"id":78048,"date":"2016-06-29T13:11:23","date_gmt":"2016-06-29T10:11:23","guid":{"rendered":"http:\/\/www.sana.sy\/tr\/?p=78048"},"modified":"2016-06-30T11:13:32","modified_gmt":"2016-06-30T08:13:32","slug":"ceysul-islam-4-kez-ihlal-etti","status":"publish","type":"post","link":"https:\/\/archive.sana.sy\/tr\/?p=78048","title":{"rendered":"Cey\u015ful \u0130slam 4 Kez \u0130hlal Etti"},"content":{"rendered":"<p>LAZK\u0130YE \u2013 Lazkiye k\u0131rsal\u0131 Hmeymim Hava \u00dcss\u00fcnde \u00e7at\u0131\u015fmalar\u0131 durdurma anla\u015fmas\u0131n\u0131 izleme ve koordinasyon Rus merkezi; anla\u015fman\u0131n son 24 saat i\u00e7inde \u2018Cey\u015ful \u0130slam\u2019 (\u0130slam Ordusu) adl\u0131 radikal silahl\u0131 ter\u00f6r \u00f6rg\u00fct\u00fc taraf\u0131ndan 4 kez ihlal edildi\u011fini belirtti.<\/p>\n<p>Rus merkez bug\u00fcn yay\u0131nlad\u0131\u011f\u0131 b\u00fcltende b\u00f6ylece anla\u015fman\u0131n 27 \u015eubat tarihinde y\u00fcr\u00fcrl\u00fc\u011fe girmesinden bu yana kay\u0131tlara ge\u00e7en ihlal say\u0131s\u0131n\u0131n 730\u2019a y\u00fckselmi\u015f oldu\u011funu ifade etti.<\/p>\n<p>\u2018Cey\u015ful \u0130slam\u2019 ter\u00f6ristlerinin \u015eam k\u0131rsal\u0131 Do\u011fu \u011euta\u2019da Hteytet el Cara\u015f, Haresta, Cobar ve daha ba\u015fka yerlerde Suriye ordusunun mevkilerine havan toplar\u0131yla sald\u0131rd\u0131klar\u0131na dikkat \u00e7eken merkez, Kaide \u00d6rg\u00fct\u00fcn\u00fcn Suriye kolu Nusra Cephesinin ise Halep ve k\u0131rsal\u0131n\u0131n yan\u0131 s\u0131ra \u015eam, \u0130dlib ve Lazkiye k\u0131rsallar\u0131nda askeri noktalar, hizmet kurumlar\u0131 ve sivillerle kar\u015f\u0131 yine bir dizi f\u00fcze sald\u0131r\u0131s\u0131nda bulunduklar\u0131n\u0131 aktard\u0131.<\/p>\n","protected":false},"excerpt":{"rendered":"<p>LAZK\u0130YE \u2013 Lazkiye k\u0131rsal\u0131 Hmeymim Hava \u00dcss\u00fcnde \u00e7at\u0131\u015fmalar\u0131 durdurma anla\u015fmas\u0131n\u0131 izleme ve koordinasyon Rus merkezi; anla\u015fman\u0131n son 24 saat i\u00e7inde \u2018Cey\u015ful \u0130slam\u2019 (\u0130slam Ordusu) adl\u0131 radikal silahl\u0131 ter\u00f6r \u00f6rg\u00fct\u00fc taraf\u0131ndan 4 kez ihlal edildi\u011fini belirtti. Rus merkez bug\u00fcn yay\u0131nlad\u0131\u011f\u0131 b\u00fcltende b\u00f6ylece anla\u015fman\u0131n 27 \u015eubat tarihinde y\u00fcr\u00fcrl\u00fc\u011fe girmesinden bu yana kay\u0131tlara ge\u00e7en ihlal say\u0131s\u0131n\u0131n 730\u2019a y\u00fckselmi\u015f &hellip;<\/p>\n","protected":false},"author":1,"featured_media":78049,"comment_status":"closed","ping_status":"closed","sticky":false,"template":"","format":"standard","meta":{"footnotes":""},"categories":[575,17988],"tags":[22130,13459,22131],"class_list":["post-78048","post","type-post","status-publish","format-standard","has-post-thumbnail","","category-olaylar-ve-gercekler","category-son-haberler","tag-ceysul-islam-4-kez-ihlal-etti","tag-islam-ordusu","tag-lazkiye-kirsali-hmeymim-hava-ussunde"],"_links":{"self":[{"href":"https:\/\/archive.sana.sy\/tr\/index.php?rest_route=\/wp\/v2\/posts\/78048","targetHints":{"allow":["GET"]}}],"collection":[{"href":"https:\/\/archive.sana.sy\/tr\/index.php?rest_route=\/wp\/v2\/posts"}],"about":[{"href":"https:\/\/archive.sana.sy\/tr\/index.php?rest_route=\/wp\/v2\/types\/post"}],"author":[{"embeddable":true,"href":"https:\/\/archive.sana.sy\/tr\/index.php?rest_route=\/wp\/v2\/users\/1"}],"replies":[{"embeddable":true,"href":"https:\/\/archive.sana.sy\/tr\/index.php?rest_route=%2Fwp%2Fv2%2Fcomments&post=78048"}],"version-history":[{"count":0,"href":"https:\/\/archive.sana.sy\/tr\/index.php?rest_route=\/wp\/v2\/posts\/78048\/revisions"}],"wp:featuredmedia":[{"embeddable":true,"href":"https:\/\/archive.sana.sy\/tr\/index.php?rest_route=\/wp\/v2\/media\/78049"}],"wp:attachment":[{"href":"https:\/\/archive.sana.sy\/tr\/index.php?rest_route=%2Fwp%2Fv2%2Fmedia&parent=78048"}],"wp:term":[{"taxonomy":"category","embeddable":true,"href":"https:\/\/archive.sana.sy\/tr\/index.php?rest_route=%2Fwp%2Fv2%2Fcategories&post=78048"},{"taxonomy":"post_tag","embeddable":true,"href":"https:\/\/archive.sana.sy\/tr\/index.php?rest_route=%2Fwp%2Fv2%2Ftags&post=78048"}],"curies":[{"name":"wp","href":"https:\/\/api.w.org\/{rel}","templated":true}]}}