{"id":78059,"date":"2016-06-29T15:24:40","date_gmt":"2016-06-29T12:24:40","guid":{"rendered":"http:\/\/www.sana.sy\/tr\/?p=78059"},"modified":"2016-06-30T11:14:09","modified_gmt":"2016-06-30T08:14:09","slug":"dort-yildan-beri-en-buyuk-olimpiyat-takimi-sayiliyor","status":"publish","type":"post","link":"https:\/\/archive.sana.sy\/tr\/?p=78059","title":{"rendered":"D\u00f6rt Y\u0131ldan Beri En B\u00fcy\u00fck Olimpiyat Tak\u0131m\u0131 Say\u0131l\u0131yor"},"content":{"rendered":"<p>\u015eAM \u2013 Milli olimpiyat tak\u0131m\u0131m\u0131z yar\u0131n; 05 ila 17 Temmuz tarihleri aras\u0131nda Rusya Federasyonunun Yakutistan Cumhuriyetinde d\u00fczenlenecek 6. Uluslararas\u0131 Asya \u00c7ocuk Olimpiyatlar\u0131na kat\u0131lmak \u00fczere yar\u0131n yola \u00e7\u0131k\u0131yor.<\/p>\n<p>D\u00f6rt y\u0131ldan bu yana yurtd\u0131\u015f\u0131na g\u00f6nderilen en b\u00fcy\u00fck milli olimpiyat tak\u0131m\u0131m\u0131z boks, judo, satran\u00e7, masa tenisi, g\u00fcre\u015f, atletizm, y\u00fczme, tekvando ve daha ba\u015fka dallar\u0131n bulundu\u011fu 11 dalda yar\u0131\u015fmalara kat\u0131lacak.<\/p>\n","protected":false},"excerpt":{"rendered":"<p>\u015eAM \u2013 Milli olimpiyat tak\u0131m\u0131m\u0131z yar\u0131n; 05 ila 17 Temmuz tarihleri aras\u0131nda Rusya Federasyonunun Yakutistan Cumhuriyetinde d\u00fczenlenecek 6. Uluslararas\u0131 Asya \u00c7ocuk Olimpiyatlar\u0131na kat\u0131lmak \u00fczere yar\u0131n yola \u00e7\u0131k\u0131yor. D\u00f6rt y\u0131ldan bu yana yurtd\u0131\u015f\u0131na g\u00f6nderilen en b\u00fcy\u00fck milli olimpiyat tak\u0131m\u0131m\u0131z boks, judo, satran\u00e7, masa tenisi, g\u00fcre\u015f, atletizm, y\u00fczme, tekvando ve daha ba\u015fka dallar\u0131n bulundu\u011fu 11 dalda yar\u0131\u015fmalara &hellip;<\/p>\n","protected":false},"author":1,"featured_media":78060,"comment_status":"closed","ping_status":"closed","sticky":false,"template":"","format":"standard","meta":{"footnotes":""},"categories":[479,17988,478],"tags":[22136],"class_list":["post-78059","post","type-post","status-publish","format-standard","has-post-thumbnail","","category-haberler-yerel","category-son-haberler","category-yerel","tag-dort-yildan-beri-en-buyuk-olimpiyat-takimi-sayiliyor"],"_links":{"self":[{"href":"https:\/\/archive.sana.sy\/tr\/index.php?rest_route=\/wp\/v2\/posts\/78059","targetHints":{"allow":["GET"]}}],"collection":[{"href":"https:\/\/archive.sana.sy\/tr\/index.php?rest_route=\/wp\/v2\/posts"}],"about":[{"href":"https:\/\/archive.sana.sy\/tr\/index.php?rest_route=\/wp\/v2\/types\/post"}],"author":[{"embeddable":true,"href":"https:\/\/archive.sana.sy\/tr\/index.php?rest_route=\/wp\/v2\/users\/1"}],"replies":[{"embeddable":true,"href":"https:\/\/archive.sana.sy\/tr\/index.php?rest_route=%2Fwp%2Fv2%2Fcomments&post=78059"}],"version-history":[{"count":0,"href":"https:\/\/archive.sana.sy\/tr\/index.php?rest_route=\/wp\/v2\/posts\/78059\/revisions"}],"wp:featuredmedia":[{"embeddable":true,"href":"https:\/\/archive.sana.sy\/tr\/index.php?rest_route=\/wp\/v2\/media\/78060"}],"wp:attachment":[{"href":"https:\/\/archive.sana.sy\/tr\/index.php?rest_route=%2Fwp%2Fv2%2Fmedia&parent=78059"}],"wp:term":[{"taxonomy":"category","embeddable":true,"href":"https:\/\/archive.sana.sy\/tr\/index.php?rest_route=%2Fwp%2Fv2%2Fcategories&post=78059"},{"taxonomy":"post_tag","embeddable":true,"href":"https:\/\/archive.sana.sy\/tr\/index.php?rest_route=%2Fwp%2Fv2%2Ftags&post=78059"}],"curies":[{"name":"wp","href":"https:\/\/api.w.org\/{rel}","templated":true}]}}