{"id":78093,"date":"2016-06-29T16:42:04","date_gmt":"2016-06-29T13:42:04","guid":{"rendered":"http:\/\/www.sana.sy\/tr\/?p=78093"},"modified":"2016-06-29T16:49:55","modified_gmt":"2016-06-29T13:49:55","slug":"lavrov-riyad-muhalefetinin-suriyedeki-krizin-cozumu-konusunda-kesinlikle-hicbir-yapici-ozelligi-olmayan-provokator-oneriler-sundugunu-belirtti","status":"publish","type":"post","link":"https:\/\/archive.sana.sy\/tr\/?p=78093","title":{"rendered":"Lavrov \u2018Riyad muhalefetinin\u2019 Suriye&#8217;deki krizin \u00e7\u00f6z\u00fcm\u00fc konusunda kesinlikle hi\u00e7bir yap\u0131c\u0131 \u00f6zelli\u011fi olmayan provokat\u00f6r \u00f6neriler sundu\u011funu belirtti"},"content":{"rendered":"<p>Lavrov \u2018Riyad muhalefetinin\u2019 Suriye&#8217;deki krizin \u00e7\u00f6z\u00fcm\u00fc konusunda kesinlikle hi\u00e7bir yap\u0131c\u0131 \u00f6zelli\u011fi olmayan provokat\u00f6r \u00f6neriler sundu\u011funu belirtti<\/p>\n","protected":false},"excerpt":{"rendered":"<p>Lavrov \u2018Riyad muhalefetinin\u2019 Suriye&#8217;deki krizin \u00e7\u00f6z\u00fcm\u00fc konusunda kesinlikle hi\u00e7bir yap\u0131c\u0131 \u00f6zelli\u011fi olmayan provokat\u00f6r \u00f6neriler sundu\u011funu belirtti<\/p>\n","protected":false},"author":1,"featured_media":0,"comment_status":"closed","ping_status":"closed","sticky":false,"template":"","format":"standard","meta":{"footnotes":""},"categories":[17991],"tags":[],"class_list":["post-78093","post","type-post","status-publish","format-standard","","category-son-dakika"],"_links":{"self":[{"href":"https:\/\/archive.sana.sy\/tr\/index.php?rest_route=\/wp\/v2\/posts\/78093","targetHints":{"allow":["GET"]}}],"collection":[{"href":"https:\/\/archive.sana.sy\/tr\/index.php?rest_route=\/wp\/v2\/posts"}],"about":[{"href":"https:\/\/archive.sana.sy\/tr\/index.php?rest_route=\/wp\/v2\/types\/post"}],"author":[{"embeddable":true,"href":"https:\/\/archive.sana.sy\/tr\/index.php?rest_route=\/wp\/v2\/users\/1"}],"replies":[{"embeddable":true,"href":"https:\/\/archive.sana.sy\/tr\/index.php?rest_route=%2Fwp%2Fv2%2Fcomments&post=78093"}],"version-history":[{"count":0,"href":"https:\/\/archive.sana.sy\/tr\/index.php?rest_route=\/wp\/v2\/posts\/78093\/revisions"}],"wp:attachment":[{"href":"https:\/\/archive.sana.sy\/tr\/index.php?rest_route=%2Fwp%2Fv2%2Fmedia&parent=78093"}],"wp:term":[{"taxonomy":"category","embeddable":true,"href":"https:\/\/archive.sana.sy\/tr\/index.php?rest_route=%2Fwp%2Fv2%2Fcategories&post=78093"},{"taxonomy":"post_tag","embeddable":true,"href":"https:\/\/archive.sana.sy\/tr\/index.php?rest_route=%2Fwp%2Fv2%2Ftags&post=78093"}],"curies":[{"name":"wp","href":"https:\/\/api.w.org\/{rel}","templated":true}]}}