{"id":78097,"date":"2016-06-29T15:15:56","date_gmt":"2016-06-29T12:15:56","guid":{"rendered":"http:\/\/www.sana.sy\/tr\/?p=78097"},"modified":"2016-06-30T11:14:01","modified_gmt":"2016-06-30T08:14:01","slug":"su-ana-dek-ilerleme-saglanmadi","status":"publish","type":"post","link":"https:\/\/archive.sana.sy\/tr\/?p=78097","title":{"rendered":"\u015eu Ana Dek \u0130lerleme Sa\u011flanmad\u0131"},"content":{"rendered":"<p>PAR\u0130S \u2013 Rusya D\u0131\u015fi\u015fleri Bakan\u0131 Sergey Lavrov Frans\u0131z mevkida\u015f\u0131 Jean-Marc Ayrault ile d\u00fczenledi\u011fi ortak bas\u0131n toplant\u0131s\u0131nda; Suriye&#8217;de \u2018\u0131l\u0131ml\u0131 muhalifler\u2019 olarak adland\u0131r\u0131lan silahl\u0131 gruplar\u0131n hala Kaide \u00d6rg\u00fct\u00fcn\u00fcn Suriye kolu olan ve BMGK\u2019nin uluslararas\u0131 ter\u00f6r \u00f6rg\u00fctleri listesinde yer alan Nusra Cephesinin bulundu\u011fu b\u00f6lgelerde bulunmaya ve onunla i\u015fbirli\u011finde olmaya devam ettiklerini belirtti.<\/p>\n<p>Lavrov Nusra Cephesi ile \u2018\u0131l\u0131ml\u0131 muhalifler\u2019 ad\u0131 verilen bu silahl\u0131 gruplar\u0131 birbirlerinden ay\u0131rma konusunda \u015fu ana dek herhangi bir ilerlemenin sa\u011flanmad\u0131\u011f\u0131na dikkat \u00e7ekti. ABD\u2019nin bu silahl\u0131 gruplara Nusra Cephesinden ayr\u0131lmalar\u0131 i\u00e7in verilen s\u00fcrenin uzat\u0131lmas\u0131na \u0131srar etmesinin hi\u00e7bir mant\u0131k ta\u015f\u0131mad\u0131\u011f\u0131n\u0131 belirten Lavrov; ABD\u2019nin bu \u0131srar\u0131n\u0131n ter\u00f6ristleri koruma hedefi ta\u015f\u0131yor gibi g\u00f6r\u00fcnd\u00fc\u011f\u00fcn\u00fc ifade etti.<\/p>\n<p>Lavrov \u2018Riyad muhalefetinin\u2019 ise Suriye&#8217;deki krizin \u00e7\u00f6z\u00fcm\u00fc konusunda kesinlikle hi\u00e7bir yap\u0131c\u0131 \u00f6zelli\u011fi olmayan provokat\u00f6r \u00f6neriler sundu\u011funu belirtti<\/p>\n","protected":false},"excerpt":{"rendered":"<p>PAR\u0130S \u2013 Rusya D\u0131\u015fi\u015fleri Bakan\u0131 Sergey Lavrov Frans\u0131z mevkida\u015f\u0131 Jean-Marc Ayrault ile d\u00fczenledi\u011fi ortak bas\u0131n toplant\u0131s\u0131nda; Suriye&#8217;de \u2018\u0131l\u0131ml\u0131 muhalifler\u2019 olarak adland\u0131r\u0131lan silahl\u0131 gruplar\u0131n hala Kaide \u00d6rg\u00fct\u00fcn\u00fcn Suriye kolu olan ve BMGK\u2019nin uluslararas\u0131 ter\u00f6r \u00f6rg\u00fctleri listesinde yer alan Nusra Cephesinin bulundu\u011fu b\u00f6lgelerde bulunmaya ve onunla i\u015fbirli\u011finde olmaya devam ettiklerini belirtti. Lavrov Nusra Cephesi ile \u2018\u0131l\u0131ml\u0131 muhalifler\u2019 &hellip;<\/p>\n","protected":false},"author":1,"featured_media":60948,"comment_status":"closed","ping_status":"closed","sticky":false,"template":"","format":"standard","meta":{"footnotes":""},"categories":[458,459,17988],"tags":[3464,22140,15945,10651],"class_list":["post-78097","post","type-post","status-publish","format-standard","has-post-thumbnail","","category-dunya1","category-haberler-arap-uluslararasi-politika","category-son-haberler","tag-nusra-cephesi","tag-fransiz-mevkidasi-jean-marc-ayrault","tag-ilimli-muhalifler","tag-rusya-disisleri-bakani-sergey-lavrov"],"_links":{"self":[{"href":"https:\/\/archive.sana.sy\/tr\/index.php?rest_route=\/wp\/v2\/posts\/78097","targetHints":{"allow":["GET"]}}],"collection":[{"href":"https:\/\/archive.sana.sy\/tr\/index.php?rest_route=\/wp\/v2\/posts"}],"about":[{"href":"https:\/\/archive.sana.sy\/tr\/index.php?rest_route=\/wp\/v2\/types\/post"}],"author":[{"embeddable":true,"href":"https:\/\/archive.sana.sy\/tr\/index.php?rest_route=\/wp\/v2\/users\/1"}],"replies":[{"embeddable":true,"href":"https:\/\/archive.sana.sy\/tr\/index.php?rest_route=%2Fwp%2Fv2%2Fcomments&post=78097"}],"version-history":[{"count":0,"href":"https:\/\/archive.sana.sy\/tr\/index.php?rest_route=\/wp\/v2\/posts\/78097\/revisions"}],"wp:featuredmedia":[{"embeddable":true,"href":"https:\/\/archive.sana.sy\/tr\/index.php?rest_route=\/wp\/v2\/media\/60948"}],"wp:attachment":[{"href":"https:\/\/archive.sana.sy\/tr\/index.php?rest_route=%2Fwp%2Fv2%2Fmedia&parent=78097"}],"wp:term":[{"taxonomy":"category","embeddable":true,"href":"https:\/\/archive.sana.sy\/tr\/index.php?rest_route=%2Fwp%2Fv2%2Fcategories&post=78097"},{"taxonomy":"post_tag","embeddable":true,"href":"https:\/\/archive.sana.sy\/tr\/index.php?rest_route=%2Fwp%2Fv2%2Ftags&post=78097"}],"curies":[{"name":"wp","href":"https:\/\/api.w.org\/{rel}","templated":true}]}}