{"id":78099,"date":"2016-06-29T15:10:07","date_gmt":"2016-06-29T12:10:07","guid":{"rendered":"http:\/\/www.sana.sy\/tr\/?p=78099"},"modified":"2016-06-30T11:13:50","modified_gmt":"2016-06-30T08:13:50","slug":"musluman-kardeslerin-yasaklanmasini-talep-etti","status":"publish","type":"post","link":"https:\/\/archive.sana.sy\/tr\/?p=78099","title":{"rendered":"M\u00fcsl\u00fcman Karde\u015flerin Yasaklanmas\u0131n\u0131 Talep Etti"},"content":{"rendered":"<p>V\u0130YANA \u2013 Avusturya&#8217;da Liberal M\u00fcsl\u00fcmanlar \u0130nisiyatifi M\u00fcsl\u00fcman Karde\u015fler ba\u015fta olmak \u00fczere radikal gruplar\u0131n Avusturya\u2019da yasaklanmalar\u0131n\u0131n yan\u0131 s\u0131ra, bu gruplar\u0131n sembolleri olan \u00f6zellikle Erdo\u011fan ve Al Suud rejimlerinin herhangi bir siyasi faaliyette bulunmalar\u0131ndan engellenmelerini talep etti.<\/p>\n<p>\u0130nisiyatif ter\u00f6r ve radikalli\u011fin kulu\u00e7kas\u0131 say\u0131lan fanatik \u00f6rg\u00fct ve gruplar\u0131n \u00fclkede kanuni olarak kat\u0131 bir \u015fekilde yasaklanmalar\u0131na \u00e7a\u011fr\u0131 yapt\u0131. Bu \u00f6rg\u00fctlerin \u0130slam dinini \u00f6z\u00fcnden, ger\u00e7e\u011finden ve ilkelerinden sapt\u0131rd\u0131klar\u0131na dikkat \u00e7eken inisiyatif; ama\u00e7lar\u0131n\u0131n karanl\u0131k ve radikal bir ideolojiden ba\u015fka bir \u015fey olmad\u0131\u011f\u0131n\u0131 vurgulad\u0131.<\/p>\n<p>\u0130nisiyatif son olarak Avrupa&#8217;da meydana gelen ter\u00f6r eylemlerinin, tekfirci ter\u00f6r \u00f6rg\u00fctleri ile onlar\u0131 destekleyen kimi rejimler aras\u0131ndaki ba\u011flant\u0131lar\u0131 ortaya koydu\u011funa vurgu yaparken, siyasi \u0130slam&#8217;a kar\u015f\u0131 m\u00fccadele \u00f6nemine dikkat \u00e7ekti.<\/p>\n","protected":false},"excerpt":{"rendered":"<p>V\u0130YANA \u2013 Avusturya&#8217;da Liberal M\u00fcsl\u00fcmanlar \u0130nisiyatifi M\u00fcsl\u00fcman Karde\u015fler ba\u015fta olmak \u00fczere radikal gruplar\u0131n Avusturya\u2019da yasaklanmalar\u0131n\u0131n yan\u0131 s\u0131ra, bu gruplar\u0131n sembolleri olan \u00f6zellikle Erdo\u011fan ve Al Suud rejimlerinin herhangi bir siyasi faaliyette bulunmalar\u0131ndan engellenmelerini talep etti. \u0130nisiyatif ter\u00f6r ve radikalli\u011fin kulu\u00e7kas\u0131 say\u0131lan fanatik \u00f6rg\u00fct ve gruplar\u0131n \u00fclkede kanuni olarak kat\u0131 bir \u015fekilde yasaklanmalar\u0131na \u00e7a\u011fr\u0131 yapt\u0131. Bu &hellip;<\/p>\n","protected":false},"author":1,"featured_media":78100,"comment_status":"closed","ping_status":"closed","sticky":false,"template":"","format":"standard","meta":{"footnotes":""},"categories":[458,459,17988],"tags":[],"class_list":["post-78099","post","type-post","status-publish","format-standard","has-post-thumbnail","","category-dunya1","category-haberler-arap-uluslararasi-politika","category-son-haberler"],"_links":{"self":[{"href":"https:\/\/archive.sana.sy\/tr\/index.php?rest_route=\/wp\/v2\/posts\/78099","targetHints":{"allow":["GET"]}}],"collection":[{"href":"https:\/\/archive.sana.sy\/tr\/index.php?rest_route=\/wp\/v2\/posts"}],"about":[{"href":"https:\/\/archive.sana.sy\/tr\/index.php?rest_route=\/wp\/v2\/types\/post"}],"author":[{"embeddable":true,"href":"https:\/\/archive.sana.sy\/tr\/index.php?rest_route=\/wp\/v2\/users\/1"}],"replies":[{"embeddable":true,"href":"https:\/\/archive.sana.sy\/tr\/index.php?rest_route=%2Fwp%2Fv2%2Fcomments&post=78099"}],"version-history":[{"count":0,"href":"https:\/\/archive.sana.sy\/tr\/index.php?rest_route=\/wp\/v2\/posts\/78099\/revisions"}],"wp:featuredmedia":[{"embeddable":true,"href":"https:\/\/archive.sana.sy\/tr\/index.php?rest_route=\/wp\/v2\/media\/78100"}],"wp:attachment":[{"href":"https:\/\/archive.sana.sy\/tr\/index.php?rest_route=%2Fwp%2Fv2%2Fmedia&parent=78099"}],"wp:term":[{"taxonomy":"category","embeddable":true,"href":"https:\/\/archive.sana.sy\/tr\/index.php?rest_route=%2Fwp%2Fv2%2Fcategories&post=78099"},{"taxonomy":"post_tag","embeddable":true,"href":"https:\/\/archive.sana.sy\/tr\/index.php?rest_route=%2Fwp%2Fv2%2Ftags&post=78099"}],"curies":[{"name":"wp","href":"https:\/\/api.w.org\/{rel}","templated":true}]}}