{"id":78109,"date":"2016-06-29T18:10:52","date_gmt":"2016-06-29T15:10:52","guid":{"rendered":"http:\/\/www.sana.sy\/tr\/?p=78109"},"modified":"2016-06-30T16:04:53","modified_gmt":"2016-06-30T13:04:53","slug":"onurlu-bir-ordunun-dusman-karsisinda-direnisinin-destani-yaziliyor","status":"publish","type":"post","link":"https:\/\/archive.sana.sy\/tr\/?p=78109","title":{"rendered":"Onurlu Bir Ordunun D\u00fc\u015fman Kar\u015f\u0131s\u0131nda Direni\u015finin Destan\u0131 Yaz\u0131l\u0131yor (video)"},"content":{"rendered":"<p>\u0130LLER \u2013 Kahraman ordu birliklerimiz ter\u00f6re kar\u015f\u0131 sergiledikleri destans\u0131 m\u00fccadeleyle vatansever ve onurlu bir ordunun vatan evlatlar\u0131yla birlikte, d\u00fc\u015fman kar\u015f\u0131s\u0131nda nas\u0131l dimdik duraca\u011f\u0131n\u0131 d\u00fcnya \u00e2leme g\u00f6stermeye devam ediyorlar.<\/p>\n<p><span style=\"color: #0000ff\">DERA:<\/span><\/p>\n<p>Askeri kaynak SANA\u2019ya a\u00e7\u0131klamas\u0131nda; ordu birliklerimizin Dera Beled\u2019in muhtelif b\u00f6lgelerinde \u0130srail\u2019den destek alan Kaide \u00d6rg\u00fct\u00fcn\u00fcn Suriye kolu Nusra Cephesine tabi siperlerini tamamen imha ederek y\u00fcksek say\u0131da ter\u00f6risti \u00f6l\u00fc ve yaral\u0131 d\u00fc\u015f\u00fcrd\u00fc\u011f\u00fcn\u00fc ifade etti.<\/p>\n<p>Kaynak; Dera Mahatta B\u00f6lgesinde de ordu birliklerimizin bug\u00fcn erken saatlerde Zennubya Okulu g\u00fcneydo\u011fusunda silah ve m\u00fchimmat ta\u015f\u0131yan bir ter\u00f6r grubunun t\u00fcm \u00fcyelerini \u00f6l\u00fc ve yaral\u0131 d\u00fc\u015f\u00fcrd\u00fcklerini aktard\u0131.<\/p>\n<p><span style=\"color: #0000ff\">DEYREZZOR:<\/span><\/p>\n<p>\u00d6te yandan askeri kaynak; hava g\u00fc\u00e7lerimizin Deyrezzor k\u0131rsal\u0131 Serda ve Cafra k\u00f6ylerinde I\u015e\u0130D\u2019in toplanma yerleri ve mevkilerini hedef almalar\u0131yla buralarda da \u00e7ok say\u0131da ter\u00f6risti \u00f6l\u00fc ve yaral\u0131 d\u00fc\u015f\u00fcr\u00fcp 3 komuta karargah\u0131n\u0131 muhtevalar\u0131yla birlikte tamamen yok ettiklerini s\u00f6yledi.<\/p>\n<p><span style=\"color: #0000ff\">HOMS:<\/span><\/p>\n<p>Homs k\u0131rsal\u0131n\u0131n do\u011fusu Tedmur\u2019un g\u00fcneyi ve M\u0131hsa K\u00f6y\u00fcn\u00fcn civar\u0131nda da hava g\u00fc\u00e7lerimizin I\u015e\u0130D ter\u00f6r \u00f6rg\u00fct\u00fcne tabi mevki ve hareket eksenlerine y\u00f6nelik hava operasyonlar\u0131 ger\u00e7ekle\u015ftirdiklerini belirten askeri kaynak; bir k\u0131sm\u0131 a\u011f\u0131r makineli silahlarla donat\u0131lm\u0131\u015f, bir k\u0131sm\u0131 da ter\u00f6rist ve silah ta\u015f\u0131yan ara\u00e7lar\u0131n\u0131 y\u00fckleriyle birlikte imha ettiklerine dikkat \u00e7ekti.<\/p>\n<p><span style=\"color: #0000ff\">HALEP:<\/span><\/p>\n<p>Ordu birliklerimiz Halep k\u0131rsal\u0131nda Erdo\u011fan ve Al Suud rejimlerine tabi \u00e7okuluslu tekfirci ve hain ter\u00f6ristleri Mellah Cephesinde b\u00fcy\u00fck kay\u0131plara u\u011frat\u0131rlarken, aralar\u0131nda saha komutanlar\u0131n\u0131n bulundu\u011fu \u00e7ok say\u0131da ter\u00f6risti ara\u00e7 ve cephaneleriyle birlikte etkisizle\u015ftirdiler.<\/p>\n<p>https:\/\/www.youtube.com\/watch?v=YJQdQOf4ZKU<\/p>\n","protected":false},"excerpt":{"rendered":"<p>\u0130LLER \u2013 Kahraman ordu birliklerimiz ter\u00f6re kar\u015f\u0131 sergiledikleri destans\u0131 m\u00fccadeleyle vatansever ve onurlu bir ordunun vatan evlatlar\u0131yla birlikte, d\u00fc\u015fman kar\u015f\u0131s\u0131nda nas\u0131l dimdik duraca\u011f\u0131n\u0131 d\u00fcnya \u00e2leme g\u00f6stermeye devam ediyorlar. DERA: Askeri kaynak SANA\u2019ya a\u00e7\u0131klamas\u0131nda; ordu birliklerimizin Dera Beled\u2019in muhtelif b\u00f6lgelerinde \u0130srail\u2019den destek alan Kaide \u00d6rg\u00fct\u00fcn\u00fcn Suriye kolu Nusra Cephesine tabi siperlerini tamamen imha ederek y\u00fcksek say\u0131da &hellip;<\/p>\n","protected":false},"author":1,"featured_media":78110,"comment_status":"closed","ping_status":"closed","sticky":false,"template":"","format":"standard","meta":{"footnotes":""},"categories":[575,17988],"tags":[2318,17284,22141],"class_list":["post-78109","post","type-post","status-publish","format-standard","has-post-thumbnail","","category-olaylar-ve-gercekler","category-son-haberler","tag-isid","tag-kaide-orgutunun-suriye-kolu-nusra-cephesi","tag-onurlu-bir-ordunun-dusman-karsisinda-direnisinin-destani-yaziliyor"],"_links":{"self":[{"href":"https:\/\/archive.sana.sy\/tr\/index.php?rest_route=\/wp\/v2\/posts\/78109","targetHints":{"allow":["GET"]}}],"collection":[{"href":"https:\/\/archive.sana.sy\/tr\/index.php?rest_route=\/wp\/v2\/posts"}],"about":[{"href":"https:\/\/archive.sana.sy\/tr\/index.php?rest_route=\/wp\/v2\/types\/post"}],"author":[{"embeddable":true,"href":"https:\/\/archive.sana.sy\/tr\/index.php?rest_route=\/wp\/v2\/users\/1"}],"replies":[{"embeddable":true,"href":"https:\/\/archive.sana.sy\/tr\/index.php?rest_route=%2Fwp%2Fv2%2Fcomments&post=78109"}],"version-history":[{"count":0,"href":"https:\/\/archive.sana.sy\/tr\/index.php?rest_route=\/wp\/v2\/posts\/78109\/revisions"}],"wp:featuredmedia":[{"embeddable":true,"href":"https:\/\/archive.sana.sy\/tr\/index.php?rest_route=\/wp\/v2\/media\/78110"}],"wp:attachment":[{"href":"https:\/\/archive.sana.sy\/tr\/index.php?rest_route=%2Fwp%2Fv2%2Fmedia&parent=78109"}],"wp:term":[{"taxonomy":"category","embeddable":true,"href":"https:\/\/archive.sana.sy\/tr\/index.php?rest_route=%2Fwp%2Fv2%2Fcategories&post=78109"},{"taxonomy":"post_tag","embeddable":true,"href":"https:\/\/archive.sana.sy\/tr\/index.php?rest_route=%2Fwp%2Fv2%2Ftags&post=78109"}],"curies":[{"name":"wp","href":"https:\/\/api.w.org\/{rel}","templated":true}]}}