{"id":7812,"date":"2014-08-21T08:39:32","date_gmt":"2014-08-21T05:39:32","guid":{"rendered":"http:\/\/www.sana.sy\/tr\/?p=7812"},"modified":"2014-08-21T13:56:57","modified_gmt":"2014-08-21T10:56:57","slug":"halep-dera-ve-lazkiye-kirsallarinda-teroristlerin-agir-kayiplari-suruyor","status":"publish","type":"post","link":"https:\/\/archive.sana.sy\/tr\/?p=7812","title":{"rendered":"Halep, Dera ve Lazkiye K\u0131rsallar\u0131nda Ter\u00f6ristlerin A\u011f\u0131r Kay\u0131plar\u0131 S\u00fcr\u00fcyor"},"content":{"rendered":"<p>\u0130LLER \u2013 Ordu birliklerimizin silahl\u0131 ter\u00f6r gruplar\u0131na y\u00f6nelik operasyonlar\u0131 t\u00fcm h\u0131z\u0131yla s\u00fcrerken ter\u00f6ristleri say\u0131 ve te\u00e7hizat bak\u0131m\u0131ndan a\u011f\u0131r kay\u0131plara u\u011fratmaya devam ediyor.<\/p>\n<p><span style=\"color: #0000ff\">Halep ve K\u0131rsal\u0131nda Ter\u00f6ristler A\u011f\u0131r Kay\u0131plara U\u011frat\u0131ld\u0131<\/span><\/p>\n<p>Ordu birliklerimiz Halep ve k\u0131rsal\u0131nda ter\u00f6ristlerin toplanma merkezleri ve h\u00fccrelerini hedef almas\u0131 sonucunda tekfirci ve hainleri a\u011f\u0131r kay\u0131plara u\u011fratt\u0131.<\/p>\n<p>Askeri kaynak, ordu birliklerimizin Halep ve k\u0131rsal\u0131n\u0131n Gondol, El Mellah \u00c7iftlikleri, S\u00fckkeri, Sirc Farae, Semiriye, H\u0131rbe, Hacip, Kunaytrat, Um el Kura, Treydim, Menbic ve Salihin\u2019de d\u00fczenledikleri bir dizi operasyon sonucunda \u00e7ok say\u0131da ter\u00f6risti \u00f6l\u00fc ve yaral\u0131 d\u00fc\u015f\u00fcrd\u00fcklerini \u00e7ok say\u0131da ara\u00e7lar\u0131n\u0131 da imha ettiklerini ifade etti.<\/p>\n<p>Kaynak, ordu birliklerimizin Halep Su Kaynaklar\u0131 arkas\u0131ndaki \u015eeyh H\u0131d\u0131r B\u00f6lgesinde bir grup ter\u00f6risti \u00f6ld\u00fcrd\u00fcklerini s\u00f6yledi.<\/p>\n<p><span style=\"color: #0000ff\">\u0130dlib K\u0131rsal\u0131nda Askeri Noktaya Sald\u0131r\u0131 Giri\u015fimi \u00c7\u00f6kertildi<\/span><\/p>\n<p>Askeri kaynak, ordu birliklerimizin \u0130dlib k\u0131rsal\u0131 Kefar \u015eelaye Beldesinde ter\u00f6ristlerin bir askeri kontrol noktas\u0131na s\u0131zma giri\u015fimlerini \u00e7\u00f6kerterek sald\u0131rgan ter\u00f6ristlerin \u00e7o\u011funu \u00f6l\u00fc ve yaral\u0131 d\u00fc\u015f\u00fcrd\u00fcklerini s\u00f6yledi.<\/p>\n<p><span style=\"color: #0000ff\">Homs K\u0131rsal\u0131nda Ter\u00f6ristlerin S\u0131zma Giri\u015fimleri \u00c7\u00f6kertildi<\/span><\/p>\n<p>Ordu birliklerimiz, Homs el Harap K\u00f6pr\u00fcs\u00fcnden El Vaar \u00c7iftliklerine do\u011fru s\u0131zma giri\u015fimlerini \u00e7\u00f6kerttiklerini muhtelif b\u00f6lgelerde d\u00fczenledikleri operasyonlarda ter\u00f6ristlerin saflar\u0131nda \u00e7ok say\u0131da \u00f6l\u00fc ve yaral\u0131 d\u00fc\u015f\u00fcrd\u00fc.<\/p>\n<p>Askeri kaynak SANA muhabirine a\u00e7\u0131klamas\u0131nda, ordu birliklerimizin Homs do\u011fu k\u0131rsal\u0131n\u0131n Rahum, Sultaniye, \u015eindahiye ve Mu\u015feyrfe K\u00f6ylerinde, Resten el Mahmut Camii do\u011fusundaki el Azm binas\u0131, el Hule Kefarlaha ve Teldev K\u00f6yleri, Telbise Kunaytrat ve Amirat K\u00f6ylerinde ter\u00f6ristlerin toplanma merkezlerini hedef ald\u0131\u011f\u0131 operasyonlarda \u00e7ok say\u0131da ter\u00f6risti \u00f6l\u00fc ve yaral\u0131 d\u00fc\u015f\u00fcrd\u00fcklerini s\u00f6yledi.<\/p>\n<p><span style=\"color: #0000ff\">Lazkiye Kuzey K\u0131rsal\u0131nda T\u00fcrk\u00a0Ter\u00f6rist \u00d6ld\u00fcr\u00fcld\u00fc<\/span><\/p>\n<p>Ordu birliklerimiz Lazkiye kuzey k\u0131rsal\u0131n\u0131n Ketf el Rumman, Zuveyk, Do\u011fmu\u015fliyye ve Sakiyet el Kart K\u00f6ylerinde \u201cNusra Cephesi\u201d ter\u00f6r \u00f6rg\u00fct\u00fcnden \u00e7o\u011fu yabanc\u0131 uyruklu \u00e7ok say\u0131da ter\u00f6risti \u00f6l\u00fc ve yaral\u0131 d\u00fc\u015f\u00fcrd\u00fc, Cephane ve Tav F\u00fczelerinin bulundu\u011fu bir depo yan\u0131 s\u0131ra a\u011f\u0131r taramal\u0131 silahlarla donat\u0131lm\u0131\u015f bir ka\u00e7 arac\u0131 da imha etti.<\/p>\n<p>Askeri kaynak, \u00f6len ter\u00f6ristler aras\u0131nda, T\u00fcrk ter\u00f6rist M\u00fcnir Baysal, 2 Filistinli Mazen el A\u015fkar ve Mahmut abu el Ayneyn ile Nusra Cephesi ter\u00f6r \u00f6rg\u00fct\u00fc eleba\u015f\u0131 Fasl\u0131 Ahmet Abu Dirbal\u2019in bulundu\u011funu ifade etti.<\/p>\n<p><span style=\"color: #0000ff\">Dera K\u0131rsal\u0131nda Bomba Y\u00fckl\u00fc Ara\u00e7 \u0130mha Edildi<\/span><\/p>\n<p>Askeri kaynak, ordu birliklerimizin Dera k\u0131rsal\u0131 tel el Zater\u2019de ter\u00f6ristlerin bir askeri kontrol noktas\u0131na s\u0131zma giri\u015fimlerini \u00e7\u00f6kerterek ter\u00f6ristlerin baz\u0131lar\u0131n\u0131 \u00f6l\u00fc ve yaral\u0131 d\u00fc\u015f\u00fcrd\u00fcklerini, i\u00e7indekilerle beraber bomba y\u00fckl\u00fc bir arac\u0131 da imha ettiklerini belirtti.<\/p>\n","protected":false},"excerpt":{"rendered":"<p>\u0130LLER \u2013 Ordu birliklerimizin silahl\u0131 ter\u00f6r gruplar\u0131na y\u00f6nelik operasyonlar\u0131 t\u00fcm h\u0131z\u0131yla s\u00fcrerken ter\u00f6ristleri say\u0131 ve te\u00e7hizat bak\u0131m\u0131ndan a\u011f\u0131r kay\u0131plara u\u011fratmaya devam ediyor. Halep ve K\u0131rsal\u0131nda Ter\u00f6ristler A\u011f\u0131r Kay\u0131plara U\u011frat\u0131ld\u0131 Ordu birliklerimiz Halep ve k\u0131rsal\u0131nda ter\u00f6ristlerin toplanma merkezleri ve h\u00fccrelerini hedef almas\u0131 sonucunda tekfirci ve hainleri a\u011f\u0131r kay\u0131plara u\u011fratt\u0131. Askeri kaynak, ordu birliklerimizin Halep ve k\u0131rsal\u0131n\u0131n &hellip;<\/p>\n","protected":false},"author":1,"featured_media":7813,"comment_status":"closed","ping_status":"closed","sticky":false,"template":"","format":"standard","meta":{"footnotes":""},"categories":[575],"tags":[1750,1132],"class_list":["post-7812","post","type-post","status-publish","format-standard","has-post-thumbnail","","category-olaylar-ve-gercekler","tag-dera-ve-lazkiye-kirsallarinda-teroristlerin-agir-kayiplari-suruyor","tag-halep"],"_links":{"self":[{"href":"https:\/\/archive.sana.sy\/tr\/index.php?rest_route=\/wp\/v2\/posts\/7812","targetHints":{"allow":["GET"]}}],"collection":[{"href":"https:\/\/archive.sana.sy\/tr\/index.php?rest_route=\/wp\/v2\/posts"}],"about":[{"href":"https:\/\/archive.sana.sy\/tr\/index.php?rest_route=\/wp\/v2\/types\/post"}],"author":[{"embeddable":true,"href":"https:\/\/archive.sana.sy\/tr\/index.php?rest_route=\/wp\/v2\/users\/1"}],"replies":[{"embeddable":true,"href":"https:\/\/archive.sana.sy\/tr\/index.php?rest_route=%2Fwp%2Fv2%2Fcomments&post=7812"}],"version-history":[{"count":0,"href":"https:\/\/archive.sana.sy\/tr\/index.php?rest_route=\/wp\/v2\/posts\/7812\/revisions"}],"wp:featuredmedia":[{"embeddable":true,"href":"https:\/\/archive.sana.sy\/tr\/index.php?rest_route=\/wp\/v2\/media\/7813"}],"wp:attachment":[{"href":"https:\/\/archive.sana.sy\/tr\/index.php?rest_route=%2Fwp%2Fv2%2Fmedia&parent=7812"}],"wp:term":[{"taxonomy":"category","embeddable":true,"href":"https:\/\/archive.sana.sy\/tr\/index.php?rest_route=%2Fwp%2Fv2%2Fcategories&post=7812"},{"taxonomy":"post_tag","embeddable":true,"href":"https:\/\/archive.sana.sy\/tr\/index.php?rest_route=%2Fwp%2Fv2%2Ftags&post=7812"}],"curies":[{"name":"wp","href":"https:\/\/api.w.org\/{rel}","templated":true}]}}