{"id":78135,"date":"2016-06-29T14:00:43","date_gmt":"2016-06-29T11:00:43","guid":{"rendered":"http:\/\/www.sana.sy\/tr\/?p=78135"},"modified":"2016-06-30T14:57:10","modified_gmt":"2016-06-30T11:57:10","slug":"seyh-maksut-semtinde-12-vatandasimiz-sehit-dustu","status":"publish","type":"post","link":"https:\/\/archive.sana.sy\/tr\/?p=78135","title":{"rendered":"\u015eeyh Maksut Semtinde 12 Vatanda\u015f\u0131m\u0131z \u015eehit D\u00fc\u015ft\u00fc"},"content":{"rendered":"<p>HALEP \u2013 Halep\u2019in \u015eeyh Maksut Semtinde silahl\u0131 ter\u00f6r gruplar\u0131n\u0131n, \u00c7at\u0131\u015fmalar\u0131n Durdurulmas\u0131 Anla\u015fmas\u0131n\u0131 yeniden ihlal ederek d\u00fczenledikleri roket sald\u0131r\u0131s\u0131 sonucunda 5\u2019i \u00e7ocuk toplam 12 vatanda\u015f\u0131m\u0131z \u015fehit d\u00fc\u015ft\u00fc.<\/p>\n<p>Olay yerinde bulunan g\u00f6rg\u00fc tan\u0131klar\u0131 SANA muhabirine yapt\u0131klar\u0131 a\u00e7\u0131klamalarda, silahl\u0131 ter\u00f6r gruplar\u0131n\u0131n sivil yerle\u015fim b\u00f6lgelerini hedef almaya devam etti\u011fini dile getirerek silahl\u0131 ter\u00f6r gruplar\u0131 taraf\u0131ndan \u015eeyh Maksut semtinde d\u00fczenlenen roket sald\u0131r\u0131lar\u0131 sonucu 5\u2019i \u00e7ocuk 12 vatanda\u015f\u0131m\u0131z\u0131n \u015fehit d\u00fc\u015ft\u00fc\u011f\u00fcn\u00fc belirttiler.<\/p>\n<p>G\u00f6rg\u00fc tan\u0131klar\u0131 ayr\u0131ca ter\u00f6ristlerin roket sald\u0131r\u0131lar\u0131n\u0131n b\u00fcy\u00fck bir maddi hasara yol a\u00e7t\u0131\u011f\u0131n\u0131 da eklediler.<\/p>\n<p>F.B. &#8211; R.H.<\/p>\n","protected":false},"excerpt":{"rendered":"<p>HALEP \u2013 Halep\u2019in \u015eeyh Maksut Semtinde silahl\u0131 ter\u00f6r gruplar\u0131n\u0131n, \u00c7at\u0131\u015fmalar\u0131n Durdurulmas\u0131 Anla\u015fmas\u0131n\u0131 yeniden ihlal ederek d\u00fczenledikleri roket sald\u0131r\u0131s\u0131 sonucunda 5\u2019i \u00e7ocuk toplam 12 vatanda\u015f\u0131m\u0131z \u015fehit d\u00fc\u015ft\u00fc. Olay yerinde bulunan g\u00f6rg\u00fc tan\u0131klar\u0131 SANA muhabirine yapt\u0131klar\u0131 a\u00e7\u0131klamalarda, silahl\u0131 ter\u00f6r gruplar\u0131n\u0131n sivil yerle\u015fim b\u00f6lgelerini hedef almaya devam etti\u011fini dile getirerek silahl\u0131 ter\u00f6r gruplar\u0131 taraf\u0131ndan \u015eeyh Maksut semtinde d\u00fczenlenen &hellip;<\/p>\n","protected":false},"author":1,"featured_media":74878,"comment_status":"closed","ping_status":"closed","sticky":false,"template":"","format":"standard","meta":{"footnotes":""},"categories":[479,575,17988,478],"tags":[22143],"class_list":["post-78135","post","type-post","status-publish","format-standard","has-post-thumbnail","","category-haberler-yerel","category-olaylar-ve-gercekler","category-son-haberler","category-yerel","tag-seyh-maksut-semtinde-12-vatandasimiz-sehit-dustu"],"_links":{"self":[{"href":"https:\/\/archive.sana.sy\/tr\/index.php?rest_route=\/wp\/v2\/posts\/78135","targetHints":{"allow":["GET"]}}],"collection":[{"href":"https:\/\/archive.sana.sy\/tr\/index.php?rest_route=\/wp\/v2\/posts"}],"about":[{"href":"https:\/\/archive.sana.sy\/tr\/index.php?rest_route=\/wp\/v2\/types\/post"}],"author":[{"embeddable":true,"href":"https:\/\/archive.sana.sy\/tr\/index.php?rest_route=\/wp\/v2\/users\/1"}],"replies":[{"embeddable":true,"href":"https:\/\/archive.sana.sy\/tr\/index.php?rest_route=%2Fwp%2Fv2%2Fcomments&post=78135"}],"version-history":[{"count":0,"href":"https:\/\/archive.sana.sy\/tr\/index.php?rest_route=\/wp\/v2\/posts\/78135\/revisions"}],"wp:featuredmedia":[{"embeddable":true,"href":"https:\/\/archive.sana.sy\/tr\/index.php?rest_route=\/wp\/v2\/media\/74878"}],"wp:attachment":[{"href":"https:\/\/archive.sana.sy\/tr\/index.php?rest_route=%2Fwp%2Fv2%2Fmedia&parent=78135"}],"wp:term":[{"taxonomy":"category","embeddable":true,"href":"https:\/\/archive.sana.sy\/tr\/index.php?rest_route=%2Fwp%2Fv2%2Fcategories&post=78135"},{"taxonomy":"post_tag","embeddable":true,"href":"https:\/\/archive.sana.sy\/tr\/index.php?rest_route=%2Fwp%2Fv2%2Ftags&post=78135"}],"curies":[{"name":"wp","href":"https:\/\/api.w.org\/{rel}","templated":true}]}}