{"id":78139,"date":"2016-06-30T09:01:15","date_gmt":"2016-06-30T06:01:15","guid":{"rendered":"http:\/\/www.sana.sy\/tr\/?p=78139"},"modified":"2016-06-30T12:19:15","modified_gmt":"2016-06-30T09:19:15","slug":"deyrezzorda-askeri-bir-kaynak-sanaya-aciklamasinda-ordu-birliklerimizin-sabah-erken-saatlerde-hassarat-semtinde-isidin-iki-onemli-karargahini-muhtevalariyla-imha-etmelerine","status":"publish","type":"post","link":"https:\/\/archive.sana.sy\/tr\/?p=78139","title":{"rendered":"Deyrezzor\u2019da askeri bir kaynak SANA\u2019ya a\u00e7\u0131klamas\u0131nda ordu birliklerimizin sabah erken saatlerde Hassarat Semtinde I\u015e\u0130D\u2019in iki \u00f6nemli karargah\u0131n\u0131 muhtevalar\u0131yla imha etmelerine e\u015f zamanl\u0131 olarak Hmeydiye ve Huveyka semtlerinde de tekfirci ter\u00f6ristleri say\u0131 ve ekipmanlar\u0131yla kay\u0131plara u\u011fratt\u0131klar\u0131n\u0131 aktard\u0131"},"content":{"rendered":"<p>Deyrezzor\u2019da askeri bir kaynak SANA\u2019ya a\u00e7\u0131klamas\u0131nda ordu birliklerimizin sabah erken saatlerde Hassarat Semtinde I\u015e\u0130D\u2019in iki \u00f6nemli karargah\u0131n\u0131 muhtevalar\u0131yla imha etmelerine e\u015f zamanl\u0131 olarak Hmeydiye ve Huveyka semtlerinde de tekfirci ter\u00f6ristleri say\u0131 ve ekipmanlar\u0131yla kay\u0131plara u\u011fratt\u0131klar\u0131n\u0131 aktard\u0131<\/p>\n","protected":false},"excerpt":{"rendered":"<p>Deyrezzor\u2019da askeri bir kaynak SANA\u2019ya a\u00e7\u0131klamas\u0131nda ordu birliklerimizin sabah erken saatlerde Hassarat Semtinde I\u015e\u0130D\u2019in iki \u00f6nemli karargah\u0131n\u0131 muhtevalar\u0131yla imha etmelerine e\u015f zamanl\u0131 olarak Hmeydiye ve Huveyka semtlerinde de tekfirci ter\u00f6ristleri say\u0131 ve ekipmanlar\u0131yla kay\u0131plara u\u011fratt\u0131klar\u0131n\u0131 aktard\u0131<\/p>\n","protected":false},"author":1,"featured_media":0,"comment_status":"closed","ping_status":"closed","sticky":false,"template":"","format":"standard","meta":{"footnotes":""},"categories":[17991],"tags":[],"class_list":["post-78139","post","type-post","status-publish","format-standard","","category-son-dakika"],"_links":{"self":[{"href":"https:\/\/archive.sana.sy\/tr\/index.php?rest_route=\/wp\/v2\/posts\/78139","targetHints":{"allow":["GET"]}}],"collection":[{"href":"https:\/\/archive.sana.sy\/tr\/index.php?rest_route=\/wp\/v2\/posts"}],"about":[{"href":"https:\/\/archive.sana.sy\/tr\/index.php?rest_route=\/wp\/v2\/types\/post"}],"author":[{"embeddable":true,"href":"https:\/\/archive.sana.sy\/tr\/index.php?rest_route=\/wp\/v2\/users\/1"}],"replies":[{"embeddable":true,"href":"https:\/\/archive.sana.sy\/tr\/index.php?rest_route=%2Fwp%2Fv2%2Fcomments&post=78139"}],"version-history":[{"count":0,"href":"https:\/\/archive.sana.sy\/tr\/index.php?rest_route=\/wp\/v2\/posts\/78139\/revisions"}],"wp:attachment":[{"href":"https:\/\/archive.sana.sy\/tr\/index.php?rest_route=%2Fwp%2Fv2%2Fmedia&parent=78139"}],"wp:term":[{"taxonomy":"category","embeddable":true,"href":"https:\/\/archive.sana.sy\/tr\/index.php?rest_route=%2Fwp%2Fv2%2Fcategories&post=78139"},{"taxonomy":"post_tag","embeddable":true,"href":"https:\/\/archive.sana.sy\/tr\/index.php?rest_route=%2Fwp%2Fv2%2Ftags&post=78139"}],"curies":[{"name":"wp","href":"https:\/\/api.w.org\/{rel}","templated":true}]}}