{"id":78140,"date":"2016-06-30T09:08:54","date_gmt":"2016-06-30T06:08:54","guid":{"rendered":"http:\/\/www.sana.sy\/tr\/?p=78140"},"modified":"2016-06-30T12:21:35","modified_gmt":"2016-06-30T09:21:35","slug":"hava-guclerimizin-serda-dagi-ve-bgayliye-beldesinde-iside-ait-olan-ve-bir-kismi-agir-silahlarla-donatilmis-13-araci-yukleri-ve-terorist-ekipleriyle-birlikte-imha-ettiklerini-ifade-eden-askeri","status":"publish","type":"post","link":"https:\/\/archive.sana.sy\/tr\/?p=78140","title":{"rendered":"Hava g\u00fc\u00e7lerimizin Serda Da\u011f\u0131 ve B\u011fayliye Beldesinde I\u015e\u0130D\u2019e ait olan ve bir k\u0131sm\u0131 a\u011f\u0131r silahlarla donat\u0131lm\u0131\u015f 13 arac\u0131 y\u00fckleri ve ter\u00f6rist ekipleriyle birlikte imha ettiklerini ifade eden askeri kaynak; operasyonlarda aralar\u0131nda saha komutanlar\u0131n\u0131n bulundu\u011fu onlarca ter\u00f6ristin \u00f6ld\u00fcr\u00fcld\u00fc\u011f\u00fcn\u00fc aktard\u0131"},"content":{"rendered":"<p>Hava g\u00fc\u00e7lerimizin Serda Da\u011f\u0131 ve B\u011fayliye Beldesinde I\u015e\u0130D\u2019e ait olan ve bir k\u0131sm\u0131 a\u011f\u0131r silahlarla donat\u0131lm\u0131\u015f 13 arac\u0131 y\u00fckleri ve ter\u00f6rist ekipleriyle birlikte imha ettiklerini ifade eden askeri kaynak; operasyonlarda aralar\u0131nda saha komutanlar\u0131n\u0131n bulundu\u011fu onlarca ter\u00f6ristin \u00f6ld\u00fcr\u00fcld\u00fc\u011f\u00fcn\u00fc aktard\u0131<\/p>\n","protected":false},"excerpt":{"rendered":"<p>Hava g\u00fc\u00e7lerimizin Serda Da\u011f\u0131 ve B\u011fayliye Beldesinde I\u015e\u0130D\u2019e ait olan ve bir k\u0131sm\u0131 a\u011f\u0131r silahlarla donat\u0131lm\u0131\u015f 13 arac\u0131 y\u00fckleri ve ter\u00f6rist ekipleriyle birlikte imha ettiklerini ifade eden askeri kaynak; operasyonlarda aralar\u0131nda saha komutanlar\u0131n\u0131n bulundu\u011fu onlarca ter\u00f6ristin \u00f6ld\u00fcr\u00fcld\u00fc\u011f\u00fcn\u00fc aktard\u0131<\/p>\n","protected":false},"author":1,"featured_media":0,"comment_status":"closed","ping_status":"closed","sticky":false,"template":"","format":"standard","meta":{"footnotes":""},"categories":[17991],"tags":[],"class_list":["post-78140","post","type-post","status-publish","format-standard","","category-son-dakika"],"_links":{"self":[{"href":"https:\/\/archive.sana.sy\/tr\/index.php?rest_route=\/wp\/v2\/posts\/78140","targetHints":{"allow":["GET"]}}],"collection":[{"href":"https:\/\/archive.sana.sy\/tr\/index.php?rest_route=\/wp\/v2\/posts"}],"about":[{"href":"https:\/\/archive.sana.sy\/tr\/index.php?rest_route=\/wp\/v2\/types\/post"}],"author":[{"embeddable":true,"href":"https:\/\/archive.sana.sy\/tr\/index.php?rest_route=\/wp\/v2\/users\/1"}],"replies":[{"embeddable":true,"href":"https:\/\/archive.sana.sy\/tr\/index.php?rest_route=%2Fwp%2Fv2%2Fcomments&post=78140"}],"version-history":[{"count":0,"href":"https:\/\/archive.sana.sy\/tr\/index.php?rest_route=\/wp\/v2\/posts\/78140\/revisions"}],"wp:attachment":[{"href":"https:\/\/archive.sana.sy\/tr\/index.php?rest_route=%2Fwp%2Fv2%2Fmedia&parent=78140"}],"wp:term":[{"taxonomy":"category","embeddable":true,"href":"https:\/\/archive.sana.sy\/tr\/index.php?rest_route=%2Fwp%2Fv2%2Fcategories&post=78140"},{"taxonomy":"post_tag","embeddable":true,"href":"https:\/\/archive.sana.sy\/tr\/index.php?rest_route=%2Fwp%2Fv2%2Ftags&post=78140"}],"curies":[{"name":"wp","href":"https:\/\/api.w.org\/{rel}","templated":true}]}}