{"id":78143,"date":"2016-06-30T08:12:37","date_gmt":"2016-06-30T05:12:37","guid":{"rendered":"http:\/\/www.sana.sy\/tr\/?p=78143"},"modified":"2016-06-30T12:14:04","modified_gmt":"2016-06-30T09:14:04","slug":"uluslar-arasi-suriye-kudus-kurumu-dunya-kudus-gunu-munasebetiyle-belgesel-filmle-konferans-verdi","status":"publish","type":"post","link":"https:\/\/archive.sana.sy\/tr\/?p=78143","title":{"rendered":"Uluslar aras\u0131 Suriye Kud\u00fcs Kurumu D\u00fcnya Kud\u00fcs G\u00fcn\u00fc m\u00fcnasebetiyle belgesel filmle konferans verdi"},"content":{"rendered":"<p>Uluslar aras\u0131 Suriye Kud\u00fcs Kurumu D\u00fcnya Kud\u00fcs G\u00fcn\u00fc m\u00fcnasebetiyle belgesel filmle konferans verdi<\/p>\n<p>https:\/\/youtu.be\/osjtu6z6G-Q<\/p>\n<p>R.H.<\/p>\n","protected":false},"excerpt":{"rendered":"<p>Uluslar aras\u0131 Suriye Kud\u00fcs Kurumu D\u00fcnya Kud\u00fcs G\u00fcn\u00fc m\u00fcnasebetiyle belgesel filmle konferans verdi https:\/\/youtu.be\/osjtu6z6G-Q R.H.<\/p>\n","protected":false},"author":1,"featured_media":78145,"comment_status":"closed","ping_status":"closed","sticky":false,"template":"","format":"standard","meta":{"footnotes":""},"categories":[18295],"tags":[22145],"class_list":["post-78143","post","type-post","status-publish","format-standard","has-post-thumbnail","","category-sana-video","tag-uluslar-arasi-suriye-kudus-kurumu-dunya-kudus-gunu-munasebetiyle-belgesel-filmle-konferans-verdi"],"_links":{"self":[{"href":"https:\/\/archive.sana.sy\/tr\/index.php?rest_route=\/wp\/v2\/posts\/78143","targetHints":{"allow":["GET"]}}],"collection":[{"href":"https:\/\/archive.sana.sy\/tr\/index.php?rest_route=\/wp\/v2\/posts"}],"about":[{"href":"https:\/\/archive.sana.sy\/tr\/index.php?rest_route=\/wp\/v2\/types\/post"}],"author":[{"embeddable":true,"href":"https:\/\/archive.sana.sy\/tr\/index.php?rest_route=\/wp\/v2\/users\/1"}],"replies":[{"embeddable":true,"href":"https:\/\/archive.sana.sy\/tr\/index.php?rest_route=%2Fwp%2Fv2%2Fcomments&post=78143"}],"version-history":[{"count":0,"href":"https:\/\/archive.sana.sy\/tr\/index.php?rest_route=\/wp\/v2\/posts\/78143\/revisions"}],"wp:featuredmedia":[{"embeddable":true,"href":"https:\/\/archive.sana.sy\/tr\/index.php?rest_route=\/wp\/v2\/media\/78145"}],"wp:attachment":[{"href":"https:\/\/archive.sana.sy\/tr\/index.php?rest_route=%2Fwp%2Fv2%2Fmedia&parent=78143"}],"wp:term":[{"taxonomy":"category","embeddable":true,"href":"https:\/\/archive.sana.sy\/tr\/index.php?rest_route=%2Fwp%2Fv2%2Fcategories&post=78143"},{"taxonomy":"post_tag","embeddable":true,"href":"https:\/\/archive.sana.sy\/tr\/index.php?rest_route=%2Fwp%2Fv2%2Ftags&post=78143"}],"curies":[{"name":"wp","href":"https:\/\/api.w.org\/{rel}","templated":true}]}}