{"id":7815,"date":"2014-08-20T13:03:24","date_gmt":"2014-08-20T10:03:24","guid":{"rendered":"http:\/\/www.sana.sy\/tr\/?p=7815"},"modified":"2014-08-20T13:03:24","modified_gmt":"2014-08-20T10:03:24","slug":"alman-bakan-katar-isidi-finanse-ediyor","status":"publish","type":"post","link":"https:\/\/archive.sana.sy\/tr\/?p=7815","title":{"rendered":"Alman Bakan: Katar, I\u015e\u0130D\u2019i Finanse Ediyor"},"content":{"rendered":"<p>BERL\u0130N \u2013 Alman M\u00fcste\u015far Angela Merkel liderli\u011findeki muhafazakarlar partisinden Kalk\u0131nsal Yard\u0131m Bakan\u0131 Gerd Muller Katar\u2019\u0131n, Kaide \u00d6rg\u00fct\u00fcn\u00fcn bir kolu olan \u2018Irak ve \u015eam \u0130slami Devleti I\u015e\u0130D\u2019 ad\u0131yla bilinen tekfirci ter\u00f6r \u00f6rg\u00fct\u00fcne finans sa\u011flad\u0131\u011f\u0131n\u0131 belirtti.<\/p>\n<p>Muller AFP\u2019nin bug\u00fcn yay\u0131nlad\u0131\u011f\u0131 a\u00e7\u0131klamalar\u0131nda s\u00f6z konusu ter\u00f6r \u00f6rg\u00fct\u00fcn\u00fcn eylemlerine dikkat \u00e7ekerken; Katar\u2019\u0131n I\u015e\u0130D dahil olmak \u00fczere Suriye&#8217;de bulunan ter\u00f6r gruplar\u0131na destek, silah ve finans sa\u011flad\u0131\u011f\u0131n\u0131 ifade etti. Bu deste\u011fin ABD ve m\u00fcttefikleri taraf\u0131ndan a\u00e7\u0131k ve aleni yap\u0131ld\u0131\u011f\u0131n\u0131 s\u00f6yleyen Muller; t\u00fcm bunlardan amac\u0131n b\u00f6lge ve halklar\u0131n\u0131 hedef alan b\u00fcy\u00fck projeleri hayata ge\u00e7irme \u00e7abas\u0131 oldu\u011funu s\u00f6zlerine ekledi.<\/p>\n","protected":false},"excerpt":{"rendered":"<p>BERL\u0130N \u2013 Alman M\u00fcste\u015far Angela Merkel liderli\u011findeki muhafazakarlar partisinden Kalk\u0131nsal Yard\u0131m Bakan\u0131 Gerd Muller Katar\u2019\u0131n, Kaide \u00d6rg\u00fct\u00fcn\u00fcn bir kolu olan \u2018Irak ve \u015eam \u0130slami Devleti I\u015e\u0130D\u2019 ad\u0131yla bilinen tekfirci ter\u00f6r \u00f6rg\u00fct\u00fcne finans sa\u011flad\u0131\u011f\u0131n\u0131 belirtti. Muller AFP\u2019nin bug\u00fcn yay\u0131nlad\u0131\u011f\u0131 a\u00e7\u0131klamalar\u0131nda s\u00f6z konusu ter\u00f6r \u00f6rg\u00fct\u00fcn\u00fcn eylemlerine dikkat \u00e7ekerken; Katar\u2019\u0131n I\u015e\u0130D dahil olmak \u00fczere Suriye&#8217;de bulunan ter\u00f6r gruplar\u0131na &hellip;<\/p>\n","protected":false},"author":1,"featured_media":7816,"comment_status":"closed","ping_status":"closed","sticky":false,"template":"","format":"standard","meta":{"footnotes":""},"categories":[556,458,559,459,575,447],"tags":[1751,1752],"class_list":["post-7815","post","type-post","status-publish","format-standard","has-post-thumbnail","","category-basin","category-dunya1","category-dunya-basini","category-haberler-arap-uluslararasi-politika","category-olaylar-ve-gercekler","category-politika","tag-alman-bakan-katar","tag-isidi-finanse-ediyor"],"_links":{"self":[{"href":"https:\/\/archive.sana.sy\/tr\/index.php?rest_route=\/wp\/v2\/posts\/7815","targetHints":{"allow":["GET"]}}],"collection":[{"href":"https:\/\/archive.sana.sy\/tr\/index.php?rest_route=\/wp\/v2\/posts"}],"about":[{"href":"https:\/\/archive.sana.sy\/tr\/index.php?rest_route=\/wp\/v2\/types\/post"}],"author":[{"embeddable":true,"href":"https:\/\/archive.sana.sy\/tr\/index.php?rest_route=\/wp\/v2\/users\/1"}],"replies":[{"embeddable":true,"href":"https:\/\/archive.sana.sy\/tr\/index.php?rest_route=%2Fwp%2Fv2%2Fcomments&post=7815"}],"version-history":[{"count":0,"href":"https:\/\/archive.sana.sy\/tr\/index.php?rest_route=\/wp\/v2\/posts\/7815\/revisions"}],"wp:featuredmedia":[{"embeddable":true,"href":"https:\/\/archive.sana.sy\/tr\/index.php?rest_route=\/wp\/v2\/media\/7816"}],"wp:attachment":[{"href":"https:\/\/archive.sana.sy\/tr\/index.php?rest_route=%2Fwp%2Fv2%2Fmedia&parent=7815"}],"wp:term":[{"taxonomy":"category","embeddable":true,"href":"https:\/\/archive.sana.sy\/tr\/index.php?rest_route=%2Fwp%2Fv2%2Fcategories&post=7815"},{"taxonomy":"post_tag","embeddable":true,"href":"https:\/\/archive.sana.sy\/tr\/index.php?rest_route=%2Fwp%2Fv2%2Ftags&post=7815"}],"curies":[{"name":"wp","href":"https:\/\/api.w.org\/{rel}","templated":true}]}}