{"id":78155,"date":"2016-06-30T10:00:28","date_gmt":"2016-06-30T07:00:28","guid":{"rendered":"http:\/\/www.sana.sy\/tr\/?p=78155"},"modified":"2016-06-30T12:23:10","modified_gmt":"2016-06-30T09:23:10","slug":"irak-gucleri-isidin-fellucada-amiriye-nahiyesine-saldirisini-basariyla-cokerti","status":"publish","type":"post","link":"https:\/\/archive.sana.sy\/tr\/?p=78155","title":{"rendered":"Irak G\u00fc\u00e7leri I\u015e\u0130D\u2019in Felluca\u2019da Amiriye Nahiyesine sald\u0131r\u0131s\u0131n\u0131 ba\u015far\u0131yla \u00e7\u00f6kerti"},"content":{"rendered":"<p>Irak G\u00fc\u00e7leri I\u015e\u0130D\u2019in Felluca\u2019da Amiriye Nahiyesine sald\u0131r\u0131s\u0131n\u0131 ba\u015far\u0131yla \u00e7\u00f6kerti<\/p>\n<p>https:\/\/youtu.be\/zwRUO0GCQxo<\/p>\n<p>R.H.<\/p>\n","protected":false},"excerpt":{"rendered":"<p>Irak G\u00fc\u00e7leri I\u015e\u0130D\u2019in Felluca\u2019da Amiriye Nahiyesine sald\u0131r\u0131s\u0131n\u0131 ba\u015far\u0131yla \u00e7\u00f6kerti https:\/\/youtu.be\/zwRUO0GCQxo R.H.<\/p>\n","protected":false},"author":1,"featured_media":78163,"comment_status":"closed","ping_status":"closed","sticky":false,"template":"","format":"standard","meta":{"footnotes":""},"categories":[18295],"tags":[22148],"class_list":["post-78155","post","type-post","status-publish","format-standard","has-post-thumbnail","","category-sana-video","tag-irak-gucleri-isidin-fellucada-amiriye-nahiyesine-saldirisini-basariyla-cokerti"],"_links":{"self":[{"href":"https:\/\/archive.sana.sy\/tr\/index.php?rest_route=\/wp\/v2\/posts\/78155","targetHints":{"allow":["GET"]}}],"collection":[{"href":"https:\/\/archive.sana.sy\/tr\/index.php?rest_route=\/wp\/v2\/posts"}],"about":[{"href":"https:\/\/archive.sana.sy\/tr\/index.php?rest_route=\/wp\/v2\/types\/post"}],"author":[{"embeddable":true,"href":"https:\/\/archive.sana.sy\/tr\/index.php?rest_route=\/wp\/v2\/users\/1"}],"replies":[{"embeddable":true,"href":"https:\/\/archive.sana.sy\/tr\/index.php?rest_route=%2Fwp%2Fv2%2Fcomments&post=78155"}],"version-history":[{"count":0,"href":"https:\/\/archive.sana.sy\/tr\/index.php?rest_route=\/wp\/v2\/posts\/78155\/revisions"}],"wp:featuredmedia":[{"embeddable":true,"href":"https:\/\/archive.sana.sy\/tr\/index.php?rest_route=\/wp\/v2\/media\/78163"}],"wp:attachment":[{"href":"https:\/\/archive.sana.sy\/tr\/index.php?rest_route=%2Fwp%2Fv2%2Fmedia&parent=78155"}],"wp:term":[{"taxonomy":"category","embeddable":true,"href":"https:\/\/archive.sana.sy\/tr\/index.php?rest_route=%2Fwp%2Fv2%2Fcategories&post=78155"},{"taxonomy":"post_tag","embeddable":true,"href":"https:\/\/archive.sana.sy\/tr\/index.php?rest_route=%2Fwp%2Fv2%2Ftags&post=78155"}],"curies":[{"name":"wp","href":"https:\/\/api.w.org\/{rel}","templated":true}]}}