{"id":78167,"date":"2016-06-30T16:00:25","date_gmt":"2016-06-30T13:00:25","guid":{"rendered":"http:\/\/www.sana.sy\/tr\/?p=78167"},"modified":"2016-07-01T17:51:50","modified_gmt":"2016-07-01T14:51:50","slug":"komuta-karargahlari-ve-araclariyla-birlikte-imha-ediliyorlar","status":"publish","type":"post","link":"https:\/\/archive.sana.sy\/tr\/?p=78167","title":{"rendered":"Komuta Karargahlar\u0131 ve Ara\u00e7lar\u0131yla Birlikte \u0130mha Ediliyorlar"},"content":{"rendered":"<p>\u0130LLER \u2013 Vatan koruyucular\u0131m\u0131z\u0131n Suriye ve halk\u0131n\u0131 s\u00f6m\u00fcr\u00fcc\u00fc, despot ve hegemonyac\u0131 kimi devletlerin edat olarak kulland\u0131klar\u0131 ter\u00f6re kar\u015f\u0131 sava\u015f\u0131n\u0131 azimle s\u00fcrd\u00fcr\u00fcrlerken bug\u00fcn muhtelif b\u00f6lgelerde onlar\u0131 yine ciddi kay\u0131plara u\u011fratt\u0131.<\/p>\n<p><span style=\"color: #0000ff\">DEYREZZOR:<\/span><\/p>\n<p>Deyrezzor\u2019da askeri bir kaynak SANA\u2019ya a\u00e7\u0131klamas\u0131nda ordu birliklerimizin sabah erken saatlerde Hassarat Semtinde I\u015e\u0130D\u2019in iki \u00f6nemli karargah\u0131n\u0131 muhtevalar\u0131yla imha etmelerine e\u015f zamanl\u0131 olarak Hmeydiye ve Huveyka semtlerinde de tekfirci ter\u00f6ristleri say\u0131 ve ekipmanlar\u0131yla kay\u0131plara u\u011fratt\u0131klar\u0131n\u0131 aktard\u0131.<\/p>\n<p>Hava g\u00fc\u00e7lerimizin Serda Da\u011f\u0131 ve B\u011fayliye Beldesinde I\u015e\u0130D\u2019e ait olan ve bir k\u0131sm\u0131 a\u011f\u0131r silahlarla donat\u0131lm\u0131\u015f 13 arac\u0131 y\u00fckleri ve ter\u00f6rist ekipleriyle birlikte imha ettiklerini ifade eden askeri kaynak; operasyonlarda aralar\u0131nda saha komutanlar\u0131n\u0131n bulundu\u011fu onlarca ter\u00f6ristin \u00f6ld\u00fcr\u00fcld\u00fc\u011f\u00fcn\u00fc aktard\u0131.<\/p>\n<p><span style=\"color: #0000ff\">S\u00dcVEYDA:<\/span><\/p>\n<p>Di\u011fer yandan askeri kaynak SANA\u2019ya a\u00e7\u0131klamas\u0131nda ordu birliklerimizin S\u00fcveyda k\u0131rsal\u0131n\u0131n do\u011fusunda Irak\u2019a a\u00e7\u0131lan Ebu \u015ear\u015fuh Ge\u00e7idi ile Biir el Rusayi B\u00f6lgesi aras\u0131ndaki yol \u00fczerinde I\u015e\u0130D\u2019e ait bir ara\u00e7 konvoyunu ate\u015fe tuttuklar\u0131n\u0131 belirtti. Kaynak operasyonda ter\u00f6rist ta\u015f\u0131yan 2 arac\u0131n tamamen imha edildi\u011fini, bir\u00e7ok arac\u0131n da tahrip edildi\u011fini s\u00f6yledi.<\/p>\n<p><span style=\"color: #0000ff\">DERA:<\/span><\/p>\n<p>Dera\u2019da i\u015fgalci siyonist \u0130srail taraf\u0131ndan desteklenip y\u00f6nlendirilen Nusra Cephesi ve m\u00fcttefikleri di\u011fer ter\u00f6r \u00f6rg\u00fctlere kar\u015f\u0131 operasyonlar\u0131n\u0131 s\u00fcrd\u00fcren ordu birliklerimizden askeri bir kaynak; Dera Beled B\u00f6lgesinin muhtelif yerlerinde tekfirci \u00e7etelerin 2 \u00f6nemli komuta karargah\u0131n\u0131n yan\u0131 s\u0131ra 2 ara\u00e7 ve bir\u00e7ok toplanma yerlerini muhtevalar\u0131yla imha ettiklerini belirtti.<\/p>\n<p>Kaynak \u00dcrd\u00fcn \u00fczerinden \u00e7okuluslu ter\u00f6ristler ve onlara deste\u011fin s\u0131zd\u0131r\u0131ld\u0131\u011f\u0131 ana b\u00f6lge say\u0131lan Dera Beled\u2019te ayn\u0131 zamanda askeri noktalara sald\u0131rmaya \u00e7al\u0131\u015fan bir ter\u00f6r grubunun t\u00fcm \u00fcyelerinin etkisizle\u015ftirildiklerini belirtti.<\/p>\n<p><span style=\"color: #0000ff\">HOMS:<\/span><\/p>\n<p>Bu arada Askeri bir kaynak SANA\u2019ya a\u00e7\u0131klamas\u0131nda hava g\u00fc\u00e7lerimizin Homs k\u0131rsal\u0131n\u0131n do\u011fusu Tedmur Kentinin g\u00fcneyine ilaveten yakla\u015f\u0131k 40 km do\u011fusuna d\u00fc\u015fen \u00dc\u00e7\u00fcnc\u00fc \u0130stasyon yak\u0131nlar\u0131nda I\u015e\u0130D\u2019in karargah, toplanma yerleri ve ara\u00e7lar\u0131n\u0131 imha ettiklerini belirtti. Kaynak sabah saatlerinde ger\u00e7ekle\u015ftirilen nitelikli hava operasyonlar\u0131nda aralar\u0131nda bariz isimlerin bulundu\u011fu onlarca ter\u00f6ristin ekipmanlar\u0131yla birlikte etkisizle\u015ftirildiklerini aktard\u0131.<\/p>\n<p>Homs Kentinin yakla\u015f\u0131k 60 km do\u011fusuna d\u00fc\u015fen Hveysis ve Cbab Hamad b\u00f6lgelerinde de I\u015e\u0130D\u2019e ait bir\u00e7ok z\u0131rhl\u0131 ara\u00e7 ve makineli silahlarla donat\u0131lm\u0131\u015f pikab\u0131n yan\u0131 s\u0131ra siper ve toplanma yerlerinin imha edildi\u011fini ifade eden askeri kaynak, burada da onlarca tekfircinin etkisiz hale getirildi\u011fini s\u00f6zlerine ekledi.<\/p>\n<p>R.H.<\/p>\n","protected":false},"excerpt":{"rendered":"<p>\u0130LLER \u2013 Vatan koruyucular\u0131m\u0131z\u0131n Suriye ve halk\u0131n\u0131 s\u00f6m\u00fcr\u00fcc\u00fc, despot ve hegemonyac\u0131 kimi devletlerin edat olarak kulland\u0131klar\u0131 ter\u00f6re kar\u015f\u0131 sava\u015f\u0131n\u0131 azimle s\u00fcrd\u00fcr\u00fcrlerken bug\u00fcn muhtelif b\u00f6lgelerde onlar\u0131 yine ciddi kay\u0131plara u\u011fratt\u0131. DEYREZZOR: Deyrezzor\u2019da askeri bir kaynak SANA\u2019ya a\u00e7\u0131klamas\u0131nda ordu birliklerimizin sabah erken saatlerde Hassarat Semtinde I\u015e\u0130D\u2019in iki \u00f6nemli karargah\u0131n\u0131 muhtevalar\u0131yla imha etmelerine e\u015f zamanl\u0131 olarak Hmeydiye ve &hellip;<\/p>\n","protected":false},"author":1,"featured_media":78173,"comment_status":"closed","ping_status":"closed","sticky":false,"template":"","format":"standard","meta":{"footnotes":""},"categories":[575,17988],"tags":[22152],"class_list":["post-78167","post","type-post","status-publish","format-standard","has-post-thumbnail","","category-olaylar-ve-gercekler","category-son-haberler","tag-komuta-karargahlari-ve-araclariyla-birlikte-imha-ediliyorlar"],"_links":{"self":[{"href":"https:\/\/archive.sana.sy\/tr\/index.php?rest_route=\/wp\/v2\/posts\/78167","targetHints":{"allow":["GET"]}}],"collection":[{"href":"https:\/\/archive.sana.sy\/tr\/index.php?rest_route=\/wp\/v2\/posts"}],"about":[{"href":"https:\/\/archive.sana.sy\/tr\/index.php?rest_route=\/wp\/v2\/types\/post"}],"author":[{"embeddable":true,"href":"https:\/\/archive.sana.sy\/tr\/index.php?rest_route=\/wp\/v2\/users\/1"}],"replies":[{"embeddable":true,"href":"https:\/\/archive.sana.sy\/tr\/index.php?rest_route=%2Fwp%2Fv2%2Fcomments&post=78167"}],"version-history":[{"count":0,"href":"https:\/\/archive.sana.sy\/tr\/index.php?rest_route=\/wp\/v2\/posts\/78167\/revisions"}],"wp:featuredmedia":[{"embeddable":true,"href":"https:\/\/archive.sana.sy\/tr\/index.php?rest_route=\/wp\/v2\/media\/78173"}],"wp:attachment":[{"href":"https:\/\/archive.sana.sy\/tr\/index.php?rest_route=%2Fwp%2Fv2%2Fmedia&parent=78167"}],"wp:term":[{"taxonomy":"category","embeddable":true,"href":"https:\/\/archive.sana.sy\/tr\/index.php?rest_route=%2Fwp%2Fv2%2Fcategories&post=78167"},{"taxonomy":"post_tag","embeddable":true,"href":"https:\/\/archive.sana.sy\/tr\/index.php?rest_route=%2Fwp%2Fv2%2Ftags&post=78167"}],"curies":[{"name":"wp","href":"https:\/\/api.w.org\/{rel}","templated":true}]}}