{"id":7817,"date":"2014-08-20T13:06:05","date_gmt":"2014-08-20T10:06:05","guid":{"rendered":"http:\/\/www.sana.sy\/tr\/?p=7817"},"modified":"2014-08-20T13:06:05","modified_gmt":"2014-08-20T10:06:05","slug":"dunya-gencler-atletizm-sampiyonasinda-suriye-cesitli-dallarda-katiliyor","status":"publish","type":"post","link":"https:\/\/archive.sana.sy\/tr\/?p=7817","title":{"rendered":"D\u00fcnya Gen\u00e7ler Atletizm \u015eampiyonas\u0131nda Suriye \u00c7e\u015fitli Dallarda Kat\u0131l\u0131yor"},"content":{"rendered":"<p>NANC\u0130NG \u2013 \u00c7\u0130N \u2013 Asya Gen\u00e7ler \u015eampiyonu milli ateltimiz Fat\u0131ma Reyya Ge\u00e7en Cumartesi g\u00fcn\u00fc \u00c7in\u2019in Nancing kentinde a\u00e7\u0131l\u0131\u015f\u0131 yap\u0131lan 2. D\u00fcnya Gen\u00e7ler Olimpiyat Oyunlar\u0131nda Suriye Arap Cumhuriyeti bayra\u011f\u0131n\u0131 ta\u015f\u0131d\u0131.<\/p>\n<p>A\u00e7\u0131l\u0131\u015fa, \u00c7in Cumhurba\u015fkan\u0131, Uluslararas\u0131 Olimpiyat Komitesi Ba\u015fkan\u0131, Birle\u015fmi\u015f Milletler Genel Sekreteri ve 204 \u00fclkeden 3787 oyuncunun kat\u0131ld\u0131\u011f\u0131 b\u00fct\u00fcn d\u00fcnya \u00fclkelerinden heyetler kat\u0131ld\u0131.<\/p>\n<p>Suriye bu oyunlarda, eskrim, y\u00fczme, basketbol, atletizm ve halter dallar\u0131nda kat\u0131l\u0131yor.<\/p>\n","protected":false},"excerpt":{"rendered":"<p>NANC\u0130NG \u2013 \u00c7\u0130N \u2013 Asya Gen\u00e7ler \u015eampiyonu milli ateltimiz Fat\u0131ma Reyya Ge\u00e7en Cumartesi g\u00fcn\u00fc \u00c7in\u2019in Nancing kentinde a\u00e7\u0131l\u0131\u015f\u0131 yap\u0131lan 2. D\u00fcnya Gen\u00e7ler Olimpiyat Oyunlar\u0131nda Suriye Arap Cumhuriyeti bayra\u011f\u0131n\u0131 ta\u015f\u0131d\u0131. A\u00e7\u0131l\u0131\u015fa, \u00c7in Cumhurba\u015fkan\u0131, Uluslararas\u0131 Olimpiyat Komitesi Ba\u015fkan\u0131, Birle\u015fmi\u015f Milletler Genel Sekreteri ve 204 \u00fclkeden 3787 oyuncunun kat\u0131ld\u0131\u011f\u0131 b\u00fct\u00fcn d\u00fcnya \u00fclkelerinden heyetler kat\u0131ld\u0131. Suriye bu oyunlarda, eskrim, &hellip;<\/p>\n","protected":false},"author":1,"featured_media":7819,"comment_status":"closed","ping_status":"closed","sticky":false,"template":"","format":"standard","meta":{"footnotes":""},"categories":[498,496],"tags":[1753],"class_list":["post-7817","post","type-post","status-publish","format-standard","has-post-thumbnail","","category-dunya-turnuvalari","category-spor","tag-dunya-gencler-atletizm-sampiyonasinda-suriye-cesitli-dallarda-katiliyor"],"_links":{"self":[{"href":"https:\/\/archive.sana.sy\/tr\/index.php?rest_route=\/wp\/v2\/posts\/7817","targetHints":{"allow":["GET"]}}],"collection":[{"href":"https:\/\/archive.sana.sy\/tr\/index.php?rest_route=\/wp\/v2\/posts"}],"about":[{"href":"https:\/\/archive.sana.sy\/tr\/index.php?rest_route=\/wp\/v2\/types\/post"}],"author":[{"embeddable":true,"href":"https:\/\/archive.sana.sy\/tr\/index.php?rest_route=\/wp\/v2\/users\/1"}],"replies":[{"embeddable":true,"href":"https:\/\/archive.sana.sy\/tr\/index.php?rest_route=%2Fwp%2Fv2%2Fcomments&post=7817"}],"version-history":[{"count":0,"href":"https:\/\/archive.sana.sy\/tr\/index.php?rest_route=\/wp\/v2\/posts\/7817\/revisions"}],"wp:featuredmedia":[{"embeddable":true,"href":"https:\/\/archive.sana.sy\/tr\/index.php?rest_route=\/wp\/v2\/media\/7819"}],"wp:attachment":[{"href":"https:\/\/archive.sana.sy\/tr\/index.php?rest_route=%2Fwp%2Fv2%2Fmedia&parent=7817"}],"wp:term":[{"taxonomy":"category","embeddable":true,"href":"https:\/\/archive.sana.sy\/tr\/index.php?rest_route=%2Fwp%2Fv2%2Fcategories&post=7817"},{"taxonomy":"post_tag","embeddable":true,"href":"https:\/\/archive.sana.sy\/tr\/index.php?rest_route=%2Fwp%2Fv2%2Ftags&post=7817"}],"curies":[{"name":"wp","href":"https:\/\/api.w.org\/{rel}","templated":true}]}}