{"id":78170,"date":"2016-06-30T15:52:41","date_gmt":"2016-06-30T12:52:41","guid":{"rendered":"http:\/\/www.sana.sy\/tr\/?p=78170"},"modified":"2016-07-01T12:33:54","modified_gmt":"2016-07-01T09:33:54","slug":"tutum-ve-aciklamalarda-celiski-var","status":"publish","type":"post","link":"https:\/\/archive.sana.sy\/tr\/?p=78170","title":{"rendered":"Yetkililerini Suriye&#8217;ye G\u00f6nderip Masa Alt\u0131ndan i\u015fbirli\u011fi \u0130stiyorlar"},"content":{"rendered":"<p>\u015eAM \u2013 Cumhurba\u015fkan\u0131 Be\u015f\u015far el Esad Avustralyal\u0131 SBS Kanal\u0131 ile r\u00f6portaj\u0131nda, Suriye konusunda Avustralyal\u0131 yetkililerin a\u00e7\u0131klamalar\u0131 ile Avustralya\u2019n\u0131n resmi tutumu aras\u0131nda mevcut \u00e7eli\u015fkiye dikkat \u00e7ekerken, bunun genel olarak Bat\u0131l\u0131 devletlerin \u00e7ifte standartlar\u0131n\u0131 yans\u0131tt\u0131\u011f\u0131n\u0131 belirtti.<\/p>\n<p>SBS Kanal\u0131n\u0131n yar\u0131n \u015eam yerel saatiyle saat 12:30\u2019da tamam\u0131n\u0131 yay\u0131nlayacak r\u00f6portaj\u0131nda el Esad; Bat\u0131l\u0131lar\u0131n Suriye&#8217;ye siyasi sald\u0131r\u0131larda bulunduklar\u0131 bir zamanda masa alt\u0131ndan team\u00fclde bulunmak i\u00e7in yetkililerini Suriye&#8217;ye g\u00f6nderdiklerini belirtti. El Esad; Avustralya h\u00fck\u00fcmeti dahil Bat\u0131l\u0131 h\u00fck\u00fcmetlerin \u00f6zellikle g\u00fcvenlik yetkililerini Suriye&#8217;ye g\u00f6nderip masa alt\u0131ndan i\u015fbirli\u011fi talep ettiklerini ifade etti.<\/p>\n<p>Bat\u0131l\u0131lar\u0131n t\u00fcm\u00fcn\u00fcn bunu yapt\u0131\u011f\u0131na dikkat \u00e7eken el Esad; bu h\u00fck\u00fcmetlerin ABD\u2019yi rahats\u0131z etmek istemediklerini s\u00f6yledi. El Esad ger\u00e7ekte Bat\u0131l\u0131 t\u00fcm yetkililerin a\u00e7\u0131klamalar\u0131nda ve Suriye&#8217;ye kar\u015f\u0131 siyasi sald\u0131r\u0131lar\u0131nda ABD\u2019nin onlardan istedi\u011fi \u015feyleri tekrarlad\u0131klar\u0131na dikkat \u00e7ekti.<\/p>\n","protected":false},"excerpt":{"rendered":"<p>\u015eAM \u2013 Cumhurba\u015fkan\u0131 Be\u015f\u015far el Esad Avustralyal\u0131 SBS Kanal\u0131 ile r\u00f6portaj\u0131nda, Suriye konusunda Avustralyal\u0131 yetkililerin a\u00e7\u0131klamalar\u0131 ile Avustralya\u2019n\u0131n resmi tutumu aras\u0131nda mevcut \u00e7eli\u015fkiye dikkat \u00e7ekerken, bunun genel olarak Bat\u0131l\u0131 devletlerin \u00e7ifte standartlar\u0131n\u0131 yans\u0131tt\u0131\u011f\u0131n\u0131 belirtti. SBS Kanal\u0131n\u0131n yar\u0131n \u015eam yerel saatiyle saat 12:30\u2019da tamam\u0131n\u0131 yay\u0131nlayacak r\u00f6portaj\u0131nda el Esad; Bat\u0131l\u0131lar\u0131n Suriye&#8217;ye siyasi sald\u0131r\u0131larda bulunduklar\u0131 bir zamanda masa &hellip;<\/p>\n","protected":false},"author":1,"featured_media":78171,"comment_status":"closed","ping_status":"closed","sticky":false,"template":"","format":"standard","meta":{"footnotes":""},"categories":[611,605],"tags":[17256,8767,22164,22151],"class_list":["post-78170","post","type-post","status-publish","format-standard","has-post-thumbnail","","category-roportaj","category-sayin-cumhurbaskani","tag-bessar-el-esad","tag-cumhurbaskani","tag-masa-altindan-gorusmeler","tag-tutum-ve-aciklamalarda-celiski-var"],"_links":{"self":[{"href":"https:\/\/archive.sana.sy\/tr\/index.php?rest_route=\/wp\/v2\/posts\/78170","targetHints":{"allow":["GET"]}}],"collection":[{"href":"https:\/\/archive.sana.sy\/tr\/index.php?rest_route=\/wp\/v2\/posts"}],"about":[{"href":"https:\/\/archive.sana.sy\/tr\/index.php?rest_route=\/wp\/v2\/types\/post"}],"author":[{"embeddable":true,"href":"https:\/\/archive.sana.sy\/tr\/index.php?rest_route=\/wp\/v2\/users\/1"}],"replies":[{"embeddable":true,"href":"https:\/\/archive.sana.sy\/tr\/index.php?rest_route=%2Fwp%2Fv2%2Fcomments&post=78170"}],"version-history":[{"count":0,"href":"https:\/\/archive.sana.sy\/tr\/index.php?rest_route=\/wp\/v2\/posts\/78170\/revisions"}],"wp:featuredmedia":[{"embeddable":true,"href":"https:\/\/archive.sana.sy\/tr\/index.php?rest_route=\/wp\/v2\/media\/78171"}],"wp:attachment":[{"href":"https:\/\/archive.sana.sy\/tr\/index.php?rest_route=%2Fwp%2Fv2%2Fmedia&parent=78170"}],"wp:term":[{"taxonomy":"category","embeddable":true,"href":"https:\/\/archive.sana.sy\/tr\/index.php?rest_route=%2Fwp%2Fv2%2Fcategories&post=78170"},{"taxonomy":"post_tag","embeddable":true,"href":"https:\/\/archive.sana.sy\/tr\/index.php?rest_route=%2Fwp%2Fv2%2Ftags&post=78170"}],"curies":[{"name":"wp","href":"https:\/\/api.w.org\/{rel}","templated":true}]}}