{"id":78188,"date":"2016-06-30T12:10:00","date_gmt":"2016-06-30T09:10:00","guid":{"rendered":"http:\/\/www.sana.sy\/tr\/?p=78188"},"modified":"2016-06-30T13:12:57","modified_gmt":"2016-06-30T10:12:57","slug":"cumhurbaskani-bessar-el-esad-avustralyali-sbs-kanali-ile-roportajinda-suriye-konusunda-avustralyali-yetkililerin-aciklamalari-ile-avustralyanin-resmi-tutumu-arasinda-mevcut-celiskiye-dikkat","status":"publish","type":"post","link":"https:\/\/archive.sana.sy\/tr\/?p=78188","title":{"rendered":"Cumhurba\u015fkan\u0131 Be\u015f\u015far el Esad Avustralyal\u0131 SBS Kanal\u0131 ile r\u00f6portaj\u0131nda, Suriye konusunda Avustralyal\u0131 yetkililerin a\u00e7\u0131klamalar\u0131 ile Avustralya\u2019n\u0131n resmi tutumu aras\u0131nda mevcut \u00e7eli\u015fkiye dikkat \u00e7ekerken, bunun genel olarak Bat\u0131l\u0131 devletlerin \u00e7ifte standartlar\u0131n\u0131 yans\u0131tt\u0131\u011f\u0131n\u0131 belirtti"},"content":{"rendered":"<p>Cumhurba\u015fkan\u0131 Be\u015f\u015far el Esad Avustralyal\u0131 SBS Kanal\u0131 ile r\u00f6portaj\u0131nda, Suriye konusunda Avustralyal\u0131 yetkililerin a\u00e7\u0131klamalar\u0131 ile Avustralya\u2019n\u0131n resmi tutumu aras\u0131nda mevcut \u00e7eli\u015fkiye dikkat \u00e7ekerken, bunun genel olarak Bat\u0131l\u0131 devletlerin \u00e7ifte standartlar\u0131n\u0131 yans\u0131tt\u0131\u011f\u0131n\u0131 belirtti<\/p>\n","protected":false},"excerpt":{"rendered":"<p>Cumhurba\u015fkan\u0131 Be\u015f\u015far el Esad Avustralyal\u0131 SBS Kanal\u0131 ile r\u00f6portaj\u0131nda, Suriye konusunda Avustralyal\u0131 yetkililerin a\u00e7\u0131klamalar\u0131 ile Avustralya\u2019n\u0131n resmi tutumu aras\u0131nda mevcut \u00e7eli\u015fkiye dikkat \u00e7ekerken, bunun genel olarak Bat\u0131l\u0131 devletlerin \u00e7ifte standartlar\u0131n\u0131 yans\u0131tt\u0131\u011f\u0131n\u0131 belirtti<\/p>\n","protected":false},"author":1,"featured_media":0,"comment_status":"closed","ping_status":"closed","sticky":false,"template":"","format":"standard","meta":{"footnotes":""},"categories":[17991],"tags":[],"class_list":["post-78188","post","type-post","status-publish","format-standard","","category-son-dakika"],"_links":{"self":[{"href":"https:\/\/archive.sana.sy\/tr\/index.php?rest_route=\/wp\/v2\/posts\/78188","targetHints":{"allow":["GET"]}}],"collection":[{"href":"https:\/\/archive.sana.sy\/tr\/index.php?rest_route=\/wp\/v2\/posts"}],"about":[{"href":"https:\/\/archive.sana.sy\/tr\/index.php?rest_route=\/wp\/v2\/types\/post"}],"author":[{"embeddable":true,"href":"https:\/\/archive.sana.sy\/tr\/index.php?rest_route=\/wp\/v2\/users\/1"}],"replies":[{"embeddable":true,"href":"https:\/\/archive.sana.sy\/tr\/index.php?rest_route=%2Fwp%2Fv2%2Fcomments&post=78188"}],"version-history":[{"count":0,"href":"https:\/\/archive.sana.sy\/tr\/index.php?rest_route=\/wp\/v2\/posts\/78188\/revisions"}],"wp:attachment":[{"href":"https:\/\/archive.sana.sy\/tr\/index.php?rest_route=%2Fwp%2Fv2%2Fmedia&parent=78188"}],"wp:term":[{"taxonomy":"category","embeddable":true,"href":"https:\/\/archive.sana.sy\/tr\/index.php?rest_route=%2Fwp%2Fv2%2Fcategories&post=78188"},{"taxonomy":"post_tag","embeddable":true,"href":"https:\/\/archive.sana.sy\/tr\/index.php?rest_route=%2Fwp%2Fv2%2Ftags&post=78188"}],"curies":[{"name":"wp","href":"https:\/\/api.w.org\/{rel}","templated":true}]}}