{"id":78192,"date":"2016-06-30T12:13:09","date_gmt":"2016-06-30T09:13:09","guid":{"rendered":"http:\/\/www.sana.sy\/tr\/?p=78192"},"modified":"2016-06-30T13:14:05","modified_gmt":"2016-06-30T10:14:05","slug":"sbs-kanalinin-yarin-sam-yerel-saatiyle-saat-1230da-tamamini-yayinlayacak-roportajinda-el-esad-batililarin-suriyeye-siyasi-saldirilarda-bulunduklari-bir-zamanda-masa-altindan-teamulde-bulu","status":"publish","type":"post","link":"https:\/\/archive.sana.sy\/tr\/?p=78192","title":{"rendered":"SBS Kanal\u0131n\u0131n yar\u0131n \u015eam yerel saatiyle saat 12:30\u2019da tamam\u0131n\u0131 yay\u0131nlayacak r\u00f6portaj\u0131nda el Esad; Bat\u0131l\u0131lar\u0131n Suriye&#8217;ye siyasi sald\u0131r\u0131larda bulunduklar\u0131 bir zamanda masa alt\u0131ndan team\u00fclde bulunmak i\u00e7in yetkililerini Suriye&#8217;ye g\u00f6nderdiklerini belirtti"},"content":{"rendered":"<p>SBS Kanal\u0131n\u0131n yar\u0131n \u015eam yerel saatiyle saat 12:30\u2019da tamam\u0131n\u0131 yay\u0131nlayacak r\u00f6portaj\u0131nda el Esad; Bat\u0131l\u0131lar\u0131n Suriye&#8217;ye siyasi sald\u0131r\u0131larda bulunduklar\u0131 bir zamanda masa alt\u0131ndan team\u00fclde bulunmak i\u00e7in yetkililerini Suriye&#8217;ye g\u00f6nderdiklerini belirtti<\/p>\n","protected":false},"excerpt":{"rendered":"<p>SBS Kanal\u0131n\u0131n yar\u0131n \u015eam yerel saatiyle saat 12:30\u2019da tamam\u0131n\u0131 yay\u0131nlayacak r\u00f6portaj\u0131nda el Esad; Bat\u0131l\u0131lar\u0131n Suriye&#8217;ye siyasi sald\u0131r\u0131larda bulunduklar\u0131 bir zamanda masa alt\u0131ndan team\u00fclde bulunmak i\u00e7in yetkililerini Suriye&#8217;ye g\u00f6nderdiklerini belirtti<\/p>\n","protected":false},"author":1,"featured_media":0,"comment_status":"closed","ping_status":"closed","sticky":false,"template":"","format":"standard","meta":{"footnotes":""},"categories":[17991],"tags":[],"class_list":["post-78192","post","type-post","status-publish","format-standard","","category-son-dakika"],"_links":{"self":[{"href":"https:\/\/archive.sana.sy\/tr\/index.php?rest_route=\/wp\/v2\/posts\/78192","targetHints":{"allow":["GET"]}}],"collection":[{"href":"https:\/\/archive.sana.sy\/tr\/index.php?rest_route=\/wp\/v2\/posts"}],"about":[{"href":"https:\/\/archive.sana.sy\/tr\/index.php?rest_route=\/wp\/v2\/types\/post"}],"author":[{"embeddable":true,"href":"https:\/\/archive.sana.sy\/tr\/index.php?rest_route=\/wp\/v2\/users\/1"}],"replies":[{"embeddable":true,"href":"https:\/\/archive.sana.sy\/tr\/index.php?rest_route=%2Fwp%2Fv2%2Fcomments&post=78192"}],"version-history":[{"count":0,"href":"https:\/\/archive.sana.sy\/tr\/index.php?rest_route=\/wp\/v2\/posts\/78192\/revisions"}],"wp:attachment":[{"href":"https:\/\/archive.sana.sy\/tr\/index.php?rest_route=%2Fwp%2Fv2%2Fmedia&parent=78192"}],"wp:term":[{"taxonomy":"category","embeddable":true,"href":"https:\/\/archive.sana.sy\/tr\/index.php?rest_route=%2Fwp%2Fv2%2Fcategories&post=78192"},{"taxonomy":"post_tag","embeddable":true,"href":"https:\/\/archive.sana.sy\/tr\/index.php?rest_route=%2Fwp%2Fv2%2Ftags&post=78192"}],"curies":[{"name":"wp","href":"https:\/\/api.w.org\/{rel}","templated":true}]}}