{"id":78193,"date":"2016-06-30T12:16:15","date_gmt":"2016-06-30T09:16:15","guid":{"rendered":"http:\/\/www.sana.sy\/tr\/?p=78193"},"modified":"2016-06-30T13:14:19","modified_gmt":"2016-06-30T10:14:19","slug":"el-esad-avustralya-hukumeti-dahil-batili-hukumetlerin-ozellikle-guvenlik-yetkililerini-suriyeye-gonderip-masa-altindan-isbirligi-talep-ettiklerini-ifade-etti","status":"publish","type":"post","link":"https:\/\/archive.sana.sy\/tr\/?p=78193","title":{"rendered":"El Esad; Avustralya h\u00fck\u00fcmeti dahil Bat\u0131l\u0131 h\u00fck\u00fcmetlerin \u00f6zellikle g\u00fcvenlik yetkililerini Suriye&#8217;ye g\u00f6nderip masa alt\u0131ndan i\u015fbirli\u011fi talep ettiklerini ifade etti"},"content":{"rendered":"<p>El Esad; Avustralya h\u00fck\u00fcmeti dahil Bat\u0131l\u0131 h\u00fck\u00fcmetlerin \u00f6zellikle g\u00fcvenlik yetkililerini Suriye&#8217;ye g\u00f6nderip masa alt\u0131ndan i\u015fbirli\u011fi talep ettiklerini ifade etti<\/p>\n","protected":false},"excerpt":{"rendered":"<p>El Esad; Avustralya h\u00fck\u00fcmeti dahil Bat\u0131l\u0131 h\u00fck\u00fcmetlerin \u00f6zellikle g\u00fcvenlik yetkililerini Suriye&#8217;ye g\u00f6nderip masa alt\u0131ndan i\u015fbirli\u011fi talep ettiklerini ifade etti<\/p>\n","protected":false},"author":1,"featured_media":0,"comment_status":"closed","ping_status":"closed","sticky":false,"template":"","format":"standard","meta":{"footnotes":""},"categories":[17991],"tags":[],"class_list":["post-78193","post","type-post","status-publish","format-standard","","category-son-dakika"],"_links":{"self":[{"href":"https:\/\/archive.sana.sy\/tr\/index.php?rest_route=\/wp\/v2\/posts\/78193","targetHints":{"allow":["GET"]}}],"collection":[{"href":"https:\/\/archive.sana.sy\/tr\/index.php?rest_route=\/wp\/v2\/posts"}],"about":[{"href":"https:\/\/archive.sana.sy\/tr\/index.php?rest_route=\/wp\/v2\/types\/post"}],"author":[{"embeddable":true,"href":"https:\/\/archive.sana.sy\/tr\/index.php?rest_route=\/wp\/v2\/users\/1"}],"replies":[{"embeddable":true,"href":"https:\/\/archive.sana.sy\/tr\/index.php?rest_route=%2Fwp%2Fv2%2Fcomments&post=78193"}],"version-history":[{"count":0,"href":"https:\/\/archive.sana.sy\/tr\/index.php?rest_route=\/wp\/v2\/posts\/78193\/revisions"}],"wp:attachment":[{"href":"https:\/\/archive.sana.sy\/tr\/index.php?rest_route=%2Fwp%2Fv2%2Fmedia&parent=78193"}],"wp:term":[{"taxonomy":"category","embeddable":true,"href":"https:\/\/archive.sana.sy\/tr\/index.php?rest_route=%2Fwp%2Fv2%2Fcategories&post=78193"},{"taxonomy":"post_tag","embeddable":true,"href":"https:\/\/archive.sana.sy\/tr\/index.php?rest_route=%2Fwp%2Fv2%2Ftags&post=78193"}],"curies":[{"name":"wp","href":"https:\/\/api.w.org\/{rel}","templated":true}]}}