{"id":78196,"date":"2016-06-30T12:23:31","date_gmt":"2016-06-30T09:23:31","guid":{"rendered":"http:\/\/www.sana.sy\/tr\/?p=78196"},"modified":"2016-06-30T13:14:53","modified_gmt":"2016-06-30T10:14:53","slug":"batililarin-tumunun-bunu-yaptigina-dikkat-ceken-el-esad-bu-hukumetlerin-abdyi-rahatsiz-etmek-istemediklerini-soyledi-el-esad-gercekte-batili-tum-yetkililerin-aciklamalarinda-ve-suriyeye-k","status":"publish","type":"post","link":"https:\/\/archive.sana.sy\/tr\/?p=78196","title":{"rendered":"Bat\u0131l\u0131lar\u0131n t\u00fcm\u00fcn\u00fcn bunu yapt\u0131\u011f\u0131na dikkat \u00e7eken el Esad; bu h\u00fck\u00fcmetlerin ABD\u2019yi rahats\u0131z etmek istemediklerini s\u00f6yledi. El Esad ger\u00e7ekte Bat\u0131l\u0131 t\u00fcm yetkililerin a\u00e7\u0131klamalar\u0131nda ve Suriye&#8217;ye kar\u015f\u0131 siyasi sald\u0131r\u0131lar\u0131nda ABD\u2019nin onlardan istedi\u011fi \u015feyleri tekrarlad\u0131klar\u0131na dikkat \u00e7ekti"},"content":{"rendered":"<p>Bat\u0131l\u0131lar\u0131n t\u00fcm\u00fcn\u00fcn bunu yapt\u0131\u011f\u0131na dikkat \u00e7eken el Esad; bu h\u00fck\u00fcmetlerin ABD\u2019yi rahats\u0131z etmek istemediklerini s\u00f6yledi. El Esad ger\u00e7ekte Bat\u0131l\u0131 t\u00fcm yetkililerin a\u00e7\u0131klamalar\u0131nda ve Suriye&#8217;ye kar\u015f\u0131 siyasi sald\u0131r\u0131lar\u0131nda ABD\u2019nin onlardan istedi\u011fi \u015feyleri tekrarlad\u0131klar\u0131na dikkat \u00e7ekti<\/p>\n","protected":false},"excerpt":{"rendered":"<p>Bat\u0131l\u0131lar\u0131n t\u00fcm\u00fcn\u00fcn bunu yapt\u0131\u011f\u0131na dikkat \u00e7eken el Esad; bu h\u00fck\u00fcmetlerin ABD\u2019yi rahats\u0131z etmek istemediklerini s\u00f6yledi. El Esad ger\u00e7ekte Bat\u0131l\u0131 t\u00fcm yetkililerin a\u00e7\u0131klamalar\u0131nda ve Suriye&#8217;ye kar\u015f\u0131 siyasi sald\u0131r\u0131lar\u0131nda ABD\u2019nin onlardan istedi\u011fi \u015feyleri tekrarlad\u0131klar\u0131na dikkat \u00e7ekti<\/p>\n","protected":false},"author":1,"featured_media":0,"comment_status":"closed","ping_status":"closed","sticky":false,"template":"","format":"standard","meta":{"footnotes":""},"categories":[17991],"tags":[],"class_list":["post-78196","post","type-post","status-publish","format-standard","","category-son-dakika"],"_links":{"self":[{"href":"https:\/\/archive.sana.sy\/tr\/index.php?rest_route=\/wp\/v2\/posts\/78196","targetHints":{"allow":["GET"]}}],"collection":[{"href":"https:\/\/archive.sana.sy\/tr\/index.php?rest_route=\/wp\/v2\/posts"}],"about":[{"href":"https:\/\/archive.sana.sy\/tr\/index.php?rest_route=\/wp\/v2\/types\/post"}],"author":[{"embeddable":true,"href":"https:\/\/archive.sana.sy\/tr\/index.php?rest_route=\/wp\/v2\/users\/1"}],"replies":[{"embeddable":true,"href":"https:\/\/archive.sana.sy\/tr\/index.php?rest_route=%2Fwp%2Fv2%2Fcomments&post=78196"}],"version-history":[{"count":0,"href":"https:\/\/archive.sana.sy\/tr\/index.php?rest_route=\/wp\/v2\/posts\/78196\/revisions"}],"wp:attachment":[{"href":"https:\/\/archive.sana.sy\/tr\/index.php?rest_route=%2Fwp%2Fv2%2Fmedia&parent=78196"}],"wp:term":[{"taxonomy":"category","embeddable":true,"href":"https:\/\/archive.sana.sy\/tr\/index.php?rest_route=%2Fwp%2Fv2%2Fcategories&post=78196"},{"taxonomy":"post_tag","embeddable":true,"href":"https:\/\/archive.sana.sy\/tr\/index.php?rest_route=%2Fwp%2Fv2%2Ftags&post=78196"}],"curies":[{"name":"wp","href":"https:\/\/api.w.org\/{rel}","templated":true}]}}