{"id":78204,"date":"2016-06-30T15:00:01","date_gmt":"2016-06-30T12:00:01","guid":{"rendered":"http:\/\/www.sana.sy\/tr\/?p=78204"},"modified":"2016-07-01T13:45:35","modified_gmt":"2016-07-01T10:45:35","slug":"suriyenin-gelecegi-tum-bolgenin-gelecegini-belirleyebilir","status":"publish","type":"post","link":"https:\/\/archive.sana.sy\/tr\/?p=78204","title":{"rendered":"Suriye&#8217;nin Gelece\u011fi T\u00fcm B\u00f6lgenin Gelece\u011fini Belirleyebilir"},"content":{"rendered":"<p>MOSKOVA \u2013 Rusya Ba\u015fkan\u0131 Vladimir Putin; yabanc\u0131 \u00fclkelerde g\u00f6rev yapan Rus b\u00fcy\u00fckel\u00e7ileri ile bulu\u015fmas\u0131nda yapt\u0131\u011f\u0131 konu\u015fmada; Suriye&#8217;nin gelece\u011finin, t\u00fcm b\u00f6lgenin gelece\u011fini belirleyebilece\u011fini belirtti.<\/p>\n<p>Bat\u0131l\u0131 devletlerin uluslar aras\u0131 meselelerde kaba g\u00fc\u00e7 kulland\u0131\u011f\u0131na dikkat \u00e7eken Putin; bunun sonucunda da bir\u00e7ok devlette ter\u00f6r\u00fcn ortaya \u00e7\u0131k\u0131p g\u00fc\u00e7lendi\u011fini ifade ederken, Libya&#8217;da da bunun oldu\u011funu s\u00f6yledi.<\/p>\n<p>Suriye&#8217;deki krizin b\u00f6lge ve d\u00fcnyaya yans\u0131malar\u0131na da dikkat \u00e7eken Putin; bu krizin \u00e7\u00f6z\u00fcm\u00fc i\u00e7in uluslar aras\u0131 ortak \u00e7abalar ve i\u015fbirli\u011finin olmas\u0131n\u0131n ka\u00e7\u0131n\u0131lmaz oldu\u011funu vurgulad\u0131.<\/p>\n<p>Putin kimi devletlerin devletler aras\u0131ndaki ili\u015fkileri d\u00fczenleyen ilke ve kanunlar\u0131 dikkate almay\u0131p sabote etmeye \u00e7al\u0131\u015ft\u0131klar\u0131n\u0131, bunun sonucunda da yeni uluslar aras\u0131 anla\u015fmazl\u0131klar\u0131n meydana geldi\u011fini ifade etti.<\/p>\n","protected":false},"excerpt":{"rendered":"<p>MOSKOVA \u2013 Rusya Ba\u015fkan\u0131 Vladimir Putin; yabanc\u0131 \u00fclkelerde g\u00f6rev yapan Rus b\u00fcy\u00fckel\u00e7ileri ile bulu\u015fmas\u0131nda yapt\u0131\u011f\u0131 konu\u015fmada; Suriye&#8217;nin gelece\u011finin, t\u00fcm b\u00f6lgenin gelece\u011fini belirleyebilece\u011fini belirtti. Bat\u0131l\u0131 devletlerin uluslar aras\u0131 meselelerde kaba g\u00fc\u00e7 kulland\u0131\u011f\u0131na dikkat \u00e7eken Putin; bunun sonucunda da bir\u00e7ok devlette ter\u00f6r\u00fcn ortaya \u00e7\u0131k\u0131p g\u00fc\u00e7lendi\u011fini ifade ederken, Libya&#8217;da da bunun oldu\u011funu s\u00f6yledi. Suriye&#8217;deki krizin b\u00f6lge ve d\u00fcnyaya &hellip;<\/p>\n","protected":false},"author":1,"featured_media":78206,"comment_status":"closed","ping_status":"closed","sticky":false,"template":"","format":"standard","meta":{"footnotes":""},"categories":[458,459,17988],"tags":[18850,22161,16744],"class_list":["post-78204","post","type-post","status-publish","format-standard","has-post-thumbnail","","category-dunya1","category-haberler-arap-uluslararasi-politika","category-son-haberler","tag-rusya-baskani","tag-suriyenin-gelecegi-tum-bolgenin-gelecegini-belirleyebilir","tag-vladimir-putin"],"_links":{"self":[{"href":"https:\/\/archive.sana.sy\/tr\/index.php?rest_route=\/wp\/v2\/posts\/78204","targetHints":{"allow":["GET"]}}],"collection":[{"href":"https:\/\/archive.sana.sy\/tr\/index.php?rest_route=\/wp\/v2\/posts"}],"about":[{"href":"https:\/\/archive.sana.sy\/tr\/index.php?rest_route=\/wp\/v2\/types\/post"}],"author":[{"embeddable":true,"href":"https:\/\/archive.sana.sy\/tr\/index.php?rest_route=\/wp\/v2\/users\/1"}],"replies":[{"embeddable":true,"href":"https:\/\/archive.sana.sy\/tr\/index.php?rest_route=%2Fwp%2Fv2%2Fcomments&post=78204"}],"version-history":[{"count":0,"href":"https:\/\/archive.sana.sy\/tr\/index.php?rest_route=\/wp\/v2\/posts\/78204\/revisions"}],"wp:featuredmedia":[{"embeddable":true,"href":"https:\/\/archive.sana.sy\/tr\/index.php?rest_route=\/wp\/v2\/media\/78206"}],"wp:attachment":[{"href":"https:\/\/archive.sana.sy\/tr\/index.php?rest_route=%2Fwp%2Fv2%2Fmedia&parent=78204"}],"wp:term":[{"taxonomy":"category","embeddable":true,"href":"https:\/\/archive.sana.sy\/tr\/index.php?rest_route=%2Fwp%2Fv2%2Fcategories&post=78204"},{"taxonomy":"post_tag","embeddable":true,"href":"https:\/\/archive.sana.sy\/tr\/index.php?rest_route=%2Fwp%2Fv2%2Ftags&post=78204"}],"curies":[{"name":"wp","href":"https:\/\/api.w.org\/{rel}","templated":true}]}}