{"id":78207,"date":"2016-06-30T14:45:27","date_gmt":"2016-06-30T11:45:27","guid":{"rendered":"http:\/\/www.sana.sy\/tr\/?p=78207"},"modified":"2016-07-01T13:46:19","modified_gmt":"2016-07-01T10:46:19","slug":"tesekkurler-haseke","status":"publish","type":"post","link":"https:\/\/archive.sana.sy\/tr\/?p=78207","title":{"rendered":"Te\u015fekk\u00fcrler Haseke"},"content":{"rendered":"<p>HASEKE \u2013 Haseke&#8217;de S\u00fcryani Katolikler Patrikli\u011fi bug\u00fcn BM Kalk\u0131nma Program\u0131 ile i\u015fbirli\u011fi i\u00e7inde \u2018Te\u015fekk\u00fcrler Haseke\u2019 slogan\u0131 alt\u0131nda kampanya ba\u015flatt\u0131.<\/p>\n<p>Ter\u00f6r eylemleri nedeniyle Haseke Kentine tehcir edilen ve Hasekeli \u00e7ok say\u0131da g\u00f6n\u00fcll\u00fcn\u00fcn kat\u0131l\u0131m\u0131yla bir hafta s\u00fcreyle organize edilen kampanyada bir dizi sosyal etkinlik d\u00fczenleniyor.<\/p>\n<p>Kampanya etkinlikleri kapsam\u0131nda muhtelif b\u00f6lgelerden Haseke Kentine tehcir edilen ter\u00f6r ma\u011fdurlar\u0131, Haseke ahalisinin kendilerini a\u011f\u0131rlamalar\u0131 ve yard\u0131mc\u0131 olmalar\u0131na te\u015fekk\u00fcr\u00fcn bir ifadesi olarak Haseke Kentinde yemek ve tatl\u0131 paketlerin da\u011f\u0131t\u0131laca\u011f\u0131 seyyar Ramazan \u00e7ad\u0131r\u0131 kurdular.<\/p>\n<p>Kampanya m\u00fcd\u00fcr\u00fc Faris Berro SANA muhabirine a\u00e7\u0131klamas\u0131nda; kampanyan\u0131n sosyal kayna\u015fma ama\u00e7l\u0131 sembolik faaliyetler i\u00e7erece\u011fini ifade etti. Berro bayram havas\u0131n\u0131n Haseke&#8217;de yeniden canland\u0131r\u0131lmas\u0131 amac\u0131yla da cadde ve meydanlar\u0131n temizlenip s\u00fcslenece\u011fini belirtirken, kampanya bitiminde insani yard\u0131mlarda \u00e7al\u0131\u015fan bir k\u0131s\u0131m g\u00f6n\u00fcll\u00fclerin \u00f6d\u00fcllendirilece\u011fini s\u00f6zlerine ekledi.<\/p>\n<div id='gallery-1' class='gallery galleryid-78207 gallery-columns-2 gallery-size-thumbnail'><figure class='gallery-item'>\n\t\t\t<div class='gallery-icon landscape'>\n\t\t\t\t<a href='https:\/\/archive.sana.sy\/tr\/wp-content\/uploads\/2016\/06\/0-9.jpg'><img loading=\"lazy\" decoding=\"async\" width=\"150\" height=\"120\" src=\"https:\/\/archive.sana.sy\/tr\/wp-content\/uploads\/2016\/06\/0-9-150x120.jpg\" class=\"attachment-thumbnail size-thumbnail\" alt=\"\" srcset=\"https:\/\/archive.sana.sy\/tr\/wp-content\/uploads\/2016\/06\/0-9-150x120.jpg 150w, https:\/\/archive.sana.sy\/tr\/wp-content\/uploads\/2016\/06\/0-9-300x240.jpg 300w, https:\/\/archive.sana.sy\/tr\/wp-content\/uploads\/2016\/06\/0-9.jpg 720w\" sizes=\"auto, (max-width: 150px) 100vw, 150px\" \/><\/a>\n\t\t\t<\/div><\/figure><figure class='gallery-item'>\n\t\t\t<div class='gallery-icon landscape'>\n\t\t\t\t<a href='https:\/\/archive.sana.sy\/tr\/wp-content\/uploads\/2016\/06\/1-84.jpg'><img loading=\"lazy\" decoding=\"async\" width=\"150\" height=\"120\" src=\"https:\/\/archive.sana.sy\/tr\/wp-content\/uploads\/2016\/06\/1-84-150x120.jpg\" class=\"attachment-thumbnail size-thumbnail\" alt=\"\" srcset=\"https:\/\/archive.sana.sy\/tr\/wp-content\/uploads\/2016\/06\/1-84-150x120.jpg 150w, https:\/\/archive.sana.sy\/tr\/wp-content\/uploads\/2016\/06\/1-84-300x240.jpg 300w, https:\/\/archive.sana.sy\/tr\/wp-content\/uploads\/2016\/06\/1-84.jpg 720w\" sizes=\"auto, (max-width: 150px) 100vw, 150px\" \/><\/a>\n\t\t\t<\/div><\/figure><figure class='gallery-item'>\n\t\t\t<div class='gallery-icon landscape'>\n\t\t\t\t<a href='https:\/\/archive.sana.sy\/tr\/wp-content\/uploads\/2016\/06\/2-54.jpg'><img loading=\"lazy\" decoding=\"async\" width=\"150\" height=\"120\" src=\"https:\/\/archive.sana.sy\/tr\/wp-content\/uploads\/2016\/06\/2-54-150x120.jpg\" class=\"attachment-thumbnail size-thumbnail\" alt=\"\" srcset=\"https:\/\/archive.sana.sy\/tr\/wp-content\/uploads\/2016\/06\/2-54-150x120.jpg 150w, https:\/\/archive.sana.sy\/tr\/wp-content\/uploads\/2016\/06\/2-54-300x240.jpg 300w, https:\/\/archive.sana.sy\/tr\/wp-content\/uploads\/2016\/06\/2-54.jpg 720w\" sizes=\"auto, (max-width: 150px) 100vw, 150px\" \/><\/a>\n\t\t\t<\/div><\/figure><figure class='gallery-item'>\n\t\t\t<div class='gallery-icon landscape'>\n\t\t\t\t<a href='https:\/\/archive.sana.sy\/tr\/wp-content\/uploads\/2016\/06\/3-51.jpg'><img loading=\"lazy\" decoding=\"async\" width=\"150\" height=\"120\" src=\"https:\/\/archive.sana.sy\/tr\/wp-content\/uploads\/2016\/06\/3-51-150x120.jpg\" class=\"attachment-thumbnail size-thumbnail\" alt=\"\" srcset=\"https:\/\/archive.sana.sy\/tr\/wp-content\/uploads\/2016\/06\/3-51-150x120.jpg 150w, https:\/\/archive.sana.sy\/tr\/wp-content\/uploads\/2016\/06\/3-51-300x240.jpg 300w, https:\/\/archive.sana.sy\/tr\/wp-content\/uploads\/2016\/06\/3-51.jpg 720w\" sizes=\"auto, (max-width: 150px) 100vw, 150px\" \/><\/a>\n\t\t\t<\/div><\/figure>\n\t\t<\/div>\n\n","protected":false},"excerpt":{"rendered":"<p>HASEKE \u2013 Haseke&#8217;de S\u00fcryani Katolikler Patrikli\u011fi bug\u00fcn BM Kalk\u0131nma Program\u0131 ile i\u015fbirli\u011fi i\u00e7inde \u2018Te\u015fekk\u00fcrler Haseke\u2019 slogan\u0131 alt\u0131nda kampanya ba\u015flatt\u0131. Ter\u00f6r eylemleri nedeniyle Haseke Kentine tehcir edilen ve Hasekeli \u00e7ok say\u0131da g\u00f6n\u00fcll\u00fcn\u00fcn kat\u0131l\u0131m\u0131yla bir hafta s\u00fcreyle organize edilen kampanyada bir dizi sosyal etkinlik d\u00fczenleniyor. Kampanya etkinlikleri kapsam\u0131nda muhtelif b\u00f6lgelerden Haseke Kentine tehcir edilen ter\u00f6r ma\u011fdurlar\u0131, Haseke &hellip;<\/p>\n","protected":false},"author":1,"featured_media":78208,"comment_status":"closed","ping_status":"closed","sticky":false,"template":"","format":"standard","meta":{"footnotes":""},"categories":[526,479,17988,525,478],"tags":[1140,22163,22162],"class_list":["post-78207","post","type-post","status-publish","format-standard","has-post-thumbnail","","category-haber-ve-raporlar","category-haberler-yerel","category-son-haberler","category-toplum","category-yerel","tag-haseke","tag-suryani-katolikler-patrikligi","tag-tesekkurler-haseke"],"_links":{"self":[{"href":"https:\/\/archive.sana.sy\/tr\/index.php?rest_route=\/wp\/v2\/posts\/78207","targetHints":{"allow":["GET"]}}],"collection":[{"href":"https:\/\/archive.sana.sy\/tr\/index.php?rest_route=\/wp\/v2\/posts"}],"about":[{"href":"https:\/\/archive.sana.sy\/tr\/index.php?rest_route=\/wp\/v2\/types\/post"}],"author":[{"embeddable":true,"href":"https:\/\/archive.sana.sy\/tr\/index.php?rest_route=\/wp\/v2\/users\/1"}],"replies":[{"embeddable":true,"href":"https:\/\/archive.sana.sy\/tr\/index.php?rest_route=%2Fwp%2Fv2%2Fcomments&post=78207"}],"version-history":[{"count":0,"href":"https:\/\/archive.sana.sy\/tr\/index.php?rest_route=\/wp\/v2\/posts\/78207\/revisions"}],"wp:featuredmedia":[{"embeddable":true,"href":"https:\/\/archive.sana.sy\/tr\/index.php?rest_route=\/wp\/v2\/media\/78208"}],"wp:attachment":[{"href":"https:\/\/archive.sana.sy\/tr\/index.php?rest_route=%2Fwp%2Fv2%2Fmedia&parent=78207"}],"wp:term":[{"taxonomy":"category","embeddable":true,"href":"https:\/\/archive.sana.sy\/tr\/index.php?rest_route=%2Fwp%2Fv2%2Fcategories&post=78207"},{"taxonomy":"post_tag","embeddable":true,"href":"https:\/\/archive.sana.sy\/tr\/index.php?rest_route=%2Fwp%2Fv2%2Ftags&post=78207"}],"curies":[{"name":"wp","href":"https:\/\/api.w.org\/{rel}","templated":true}]}}